{"id":1995,"date":"2014-09-26T09:39:50","date_gmt":"2014-09-26T09:39:50","guid":{"rendered":""},"modified":"2026-03-11T09:12:19","modified_gmt":"2026-03-11T14:12:19","slug":"francisco-convoca-a-jornada-de-oracion-por-sinodo-de-la-familia","status":"publish","type":"post","link":"https:\/\/ceas.org.pe\/index.php\/2014\/09\/26\/francisco-convoca-a-jornada-de-oracion-por-sinodo-de-la-familia\/","title":{"rendered":"Francisco convoca a Jornada de Oraci\u00f3n por S\u00ednodo de la Familia"},"content":{"rendered":"<p>\u00a0VATICANO.-\u00a0 El Papa Francisco convoc\u00f3 a los fieles a participar este 28 de septiembre en una Jornada de Oraci\u00f3n por el S\u00ednodo de la Familia que se realizar\u00e1 del 5 al 19 de octubre bajo el lema \u201cLos desaf\u00edos pastorales de la familia en el contexto de la evangelizaci\u00f3n\u201d.<\/p>\n<p>En ese sentido, el S\u00ednodo de los Obispos \u2013inform\u00f3 Radio Vaticana-, invita a las Iglesias particulares, a las comunidades parroquiales, los institutos de vida consagrada, las asociaciones y movimientos a orar en las Misas y otras celebraciones lit\u00fargicas los d\u00edas previos y durante los trabajos de la tercera Asamblea General Extraordinaria del S\u00ednodo de los Obispos.<\/p>\n<p>En Roma, cada d\u00eda se orar\u00e1 en la Capilla de la Salus Populi Romani de la Bas\u00edlica de Santa Mar\u00eda la Mayor, donde los fieles podr\u00e1n unir su oraci\u00f3n personal a esta intenci\u00f3n. As\u00ed, los obispos recomiendan rezar el Santo Rosario por los trabajos del S\u00ednodo.<\/p>\n<p>Asimismo, se inform\u00f3 que en los pr\u00f3ximos d\u00edas se publicar\u00e1 en varios idiomas un breve subsidio por parte de la Secretar\u00eda del S\u00ednodo de los Obispos y que incluye la oraci\u00f3n compuesta por el Papa Francisco con ocasi\u00f3n del Domingo de la Sagrada Familia celebrado el 29 de diciembre pasado.<\/p>\n<p>En esta oraci\u00f3n el Santo Padre pide que las familias sean \u201clugares de comuni\u00f3n\u201d donde nunca m\u00e1s se experimente la violencia y la divisi\u00f3n; y que \u201ccualquiera que haya sido herido u ofendido conozca pronto la consolaci\u00f3n y la sanaci\u00f3n\u201d. Adem\u00e1s, pide a la Sagrada Familia para que en el pr\u00f3ximo S\u00ednodo se vuelva a despertar en todos \u201cla conciencia del car\u00e1cter sagrado e inviolable de la familia, su belleza en el proyecto de Dios\u201d.<\/p>\n<p>La oraci\u00f3n del Papa Francisco a la Sagrada Familia es la siguiente:<\/p>\n<p>\u201cJes\u00fas, Mar\u00eda y Jos\u00e9,<\/p>\n<p>en ustedes contemplamos<\/p>\n<p>el esplendor del amor verdadero,<\/p>\n<p>a ustedes nos dirigimos con confianza.<\/p>\n<p>Sagrada Familia de Nazaret,<\/p>\n<p>haz que tambi\u00e9n nuestras familias<\/p>\n<p>sean lugares de comuni\u00f3n y cen\u00e1culos de oraci\u00f3n,<\/p>\n<p>aut\u00e9nticas escuelas del Evangelio<\/p>\n<p>y peque\u00f1as Iglesias dom\u00e9sticas.<\/p>\n<p>Sagrada Familia de Nazaret,<\/p>\n<p>que nunca m\u00e1s en las familias se vivan experiencias<\/p>\n<p>de violencia, cerraz\u00f3n y divisi\u00f3n:<\/p>\n<p>que todo el que haya sido herido o escandalizado<\/p>\n<p>conozca pronto el consuelo y la sanaci\u00f3n.<\/p>\n<p>Sagrada Familia de Nazaret,<\/p>\n<p>que el pr\u00f3ximo S\u00ednodo de los Obispos<\/p>\n<p>pueda despertar en todos la conciencia<\/p>\n<p>del car\u00e1cter sagrado e inviolable de la familia,<\/p>\n<p>su belleza en el proyecto de Dios.<\/p>\n<p>Jes\u00fas, Mar\u00eda y Jos\u00e9,<\/p>\n<p>escuchen y atiendan nuestra s\u00faplica. Am\u00e9n\u201d.<\/p>\n<p>\u00a0<\/p>\n<p>Fuente: aciprensa.com<\/p>\n<p><a href=\"http:\/\/web.hilo.org.pe\/wp-content\/uploads\/franciscofamilia.jpg\" target=\"_blank\" rel=\"noopener\">Ver archivo adjunto<\/a><\/p>\n","protected":false},"excerpt":{"rendered":"<p>VATICANO.-  El Papa Francisco convoc\u00f3 a los fieles a participar este 28 de septiembre en una Jornada de Oraci\u00f3n por el S\u00ednodo de la Familia que se realizar\u00e1 del 5 al 19 de octubre bajo el lema \u201cLos desaf\u00edos pastorales de la familia en el contexto de la evangelizaci\u00f3n\u201d.<\/p>\n","protected":false},"author":1,"featured_media":7881,"comment_status":"closed","ping_status":"closed","sticky":false,"template":"","format":"standard","meta":{"footnotes":""},"categories":[9],"tags":[],"class_list":["post-1995","post","type-post","status-publish","format-standard","has-post-thumbnail","hentry","category-noticias"],"_links":{"self":[{"href":"https:\/\/ceas.org.pe\/index.php\/wp-json\/wp\/v2\/posts\/1995","targetHints":{"allow":["GET"]}}],"collection":[{"href":"https:\/\/ceas.org.pe\/index.php\/wp-json\/wp\/v2\/posts"}],"about":[{"href":"https:\/\/ceas.org.pe\/index.php\/wp-json\/wp\/v2\/types\/post"}],"author":[{"embeddable":true,"href":"https:\/\/ceas.org.pe\/index.php\/wp-json\/wp\/v2\/users\/1"}],"replies":[{"embeddable":true,"href":"https:\/\/ceas.org.pe\/index.php\/wp-json\/wp\/v2\/comments?post=1995"}],"version-history":[{"count":1,"href":"https:\/\/ceas.org.pe\/index.php\/wp-json\/wp\/v2\/posts\/1995\/revisions"}],"predecessor-version":[{"id":7223,"href":"https:\/\/ceas.org.pe\/index.php\/wp-json\/wp\/v2\/posts\/1995\/revisions\/7223"}],"wp:featuredmedia":[{"embeddable":true,"href":"https:\/\/ceas.org.pe\/index.php\/wp-json\/wp\/v2\/media\/7881"}],"wp:attachment":[{"href":"https:\/\/ceas.org.pe\/index.php\/wp-json\/wp\/v2\/media?parent=1995"}],"wp:term":[{"taxonomy":"category","embeddable":true,"href":"https:\/\/ceas.org.pe\/index.php\/wp-json\/wp\/v2\/categories?post=1995"},{"taxonomy":"post_tag","embeddable":true,"href":"https:\/\/ceas.org.pe\/index.php\/wp-json\/wp\/v2\/tags?post=1995"}],"curies":[{"name":"wp","href":"https:\/\/api.w.org\/{rel}","templated":true}]}}