{"id":1989,"date":"2014-09-23T16:15:36","date_gmt":"2014-09-23T16:15:36","guid":{"rendered":""},"modified":"2026-03-11T09:12:19","modified_gmt":"2026-03-11T14:12:19","slug":"caminata-por-la-justicia-climatica-en-new-york","status":"publish","type":"post","link":"https:\/\/ceas.org.pe\/index.php\/2014\/09\/23\/caminata-por-la-justicia-climatica-en-new-york\/","title":{"rendered":"CAMINATA POR LA JUSTICIA CLIM\u00c1TICA EN NEW YORK"},"content":{"rendered":"<p>\u00a0<b style=\"text-align: center;\"><span lang=\"ES\">CAMINATA POR LA JUSTICIA CLIM\u00c1TICA EN NEW YORK<\/span><\/b><\/p>\n<p style=\"margin:0cm;margin-bottom:.0001pt;text-align:justify;vertical-align:\nbaseline\"><i><span lang=\"ES\" style=\"font-size:\n11.0pt;font-family:\"Calibri\",\"sans-serif\";mso-ascii-theme-font:minor-latin;\nmso-hansi-theme-font:minor-latin;mso-bidi-font-family:Arial;color:#333333\">\u00ab(\u2026) \u00a0pedir al mundo lo que sabemos que est\u00e1 a nuestro alcance: un mundo con una econom\u00eda que trabaja para la gente y el planeta, un mundo a salvo de los estragos del cambio clim\u00e1tico y un mundo con buenos trabajos, agua y aire limpios y comunidades sanas\u00bb,<\/span><\/i><span lang=\"ES\" style=\"font-size:11.0pt;font-family:\"Calibri\",\"sans-serif\";mso-ascii-theme-font:\nminor-latin;mso-hansi-theme-font:minor-latin;mso-bidi-font-family:Arial;\ncolor:#333333\"> reza la convocatoria de la marcha.<o:p><\/o:p><\/span><\/p>\n<p style=\"margin:0cm;margin-bottom:.0001pt;text-align:justify;vertical-align:\nbaseline\"><span lang=\"ES\" style=\"font-size:11.0pt;font-family:\"Calibri\",\"sans-serif\";\nmso-ascii-theme-font:minor-latin;mso-hansi-theme-font:minor-latin;mso-bidi-font-family:\nArial;color:#333333\">\u00a0<\/span><\/p>\n<p style=\"margin:0cm;margin-bottom:.0001pt;text-align:justify;vertical-align:\nbaseline\"><span lang=\"ES\" style=\"font-size:11.0pt;font-family:\"Calibri\",\"sans-serif\";\nmso-ascii-theme-font:minor-latin;mso-hansi-theme-font:minor-latin\">El domingo 21 de setiembre se llev\u00f3 a cabo la<b> Marcha por la Justicia Clim\u00e1tica<\/b> en la ciudad de Nueva York, asisti\u00f3 el Secretario General de la Naciones Ban Ki-moon, (d\u00edas antes dijo que<\/span><span lang=\"ES\" style=\"font-size:11.0pt;font-family:\"Calibri\",\"sans-serif\";mso-ascii-theme-font:\nminor-latin;mso-hansi-theme-font:minor-latin;mso-bidi-font-family:Arial;\ncolor:#333333\"> asistir\u00eda por considerarlo un \u00abasunto clave para el futuro de todos\u00bb y como adelanto a la Cumbre del Clima que acoger\u00e1 la ONU el 23 de este mes). <o:p><\/o:p><\/span><\/p>\n<p style=\"margin:0cm;margin-bottom:.0001pt;text-align:justify;vertical-align:\nbaseline\"><span lang=\"ES\" style=\"font-size:11.0pt;font-family:\"Calibri\",\"sans-serif\";\nmso-ascii-theme-font:minor-latin;mso-hansi-theme-font:minor-latin;mso-bidi-font-family:\nArial;color:#333333\">\u00a0<\/span><\/p>\n<p style=\"margin:0cm;margin-bottom:.0001pt;text-align:justify;vertical-align:\nbaseline\"><span lang=\"ES\" style=\"font-size:11.0pt;font-family:\"Calibri\",\"sans-serif\";\nmso-ascii-theme-font:minor-latin;mso-hansi-theme-font:minor-latin;mso-bidi-font-family:\nArial;color:#333333\">Ban Ki-moon particip\u00f3 en esta manifestaci\u00f3n en la v\u00edspera de la<strong><span style=\"border: 1pt none windowtext; padding: 0cm;\">\u00a0Cumbre del Clima <\/span><\/strong>que tendr\u00e1 lugar en las Naciones Unidas, en la que se espera participen 120 gobernantes y centenares de representantes del sector privado.<o:p><\/o:p><\/span><\/p>\n<p style=\"margin:0cm;margin-bottom:.0001pt;text-align:justify;vertical-align:\nbaseline\"><span lang=\"ES\" style=\"font-size:11.0pt;font-family:\"Calibri\",\"sans-serif\";\nmso-ascii-theme-font:minor-latin;mso-hansi-theme-font:minor-latin;mso-bidi-font-family:\nArial;color:#333333\">\u00a0<\/span><\/p>\n<p class=\"MsoNormal\" style=\"text-align:justify\"><span lang=\"ES\">Asistieron a esta Gran Marcha 310.000 personas aproximadamente de acuerdo a estimaciones oficiales de los organizadores, brotaron de Central Park, por la Sexta Avenida, pasando por Times Square y otra vez para el West Side de Manhattan. <\/span><\/p>\n<p class=\"MsoNormal\" style=\"text-align:justify\"><span lang=\"ES\">Estuvieron presentes, ancianos, ni\u00f1os, muchos de ellos en sus cochecitos, mascotas (perros) vistiendo lindos atuendos por la marcha, maestros, polic\u00edas, cient\u00edficos, pol\u00edticos. Los j\u00f3venes y adolescentes cantaron y bailaron todo el camino.<\/span><\/p>\n<p class=\"MsoNormal\" align=\"center\" style=\"text-align:center\"><span lang=\"ES\">\u00a0\u00a0 \u00a0\u00a0\u00a0\u00a0\u00a0\u00a0<b>Ahora, todos los ojos se vuelven hacia el edificio de las Naciones Unidas para las conversaciones sobre el clima,<a name=\"_GoBack\"><\/a> esta semana.\u00a0<o:p><\/o:p><\/b><\/span><\/p>\n<p><a href=\"http:\/\/web.hilo.org.pe\/wp-content\/uploads\/MARCHA web.jpg\" target=\"_blank\" rel=\"noopener\">Ver archivo adjunto<\/a><\/p>\n","protected":false},"excerpt":{"rendered":"<p>\u00ab(\u2026)  pedir al mundo lo que sabemos que est\u00e1 a nuestro alcance: un mundo con una econom\u00eda que trabaja para la gente y el planeta, un mundo a salvo de los estragos del cambio clim\u00e1tico y un mundo con buenos trabajos, agua y aire limpios y comunidades sanas\u00bb, reza la convocatoria de la marcha.<\/p>\n","protected":false},"author":1,"featured_media":7974,"comment_status":"closed","ping_status":"closed","sticky":false,"template":"","format":"standard","meta":{"footnotes":""},"categories":[9],"tags":[],"class_list":["post-1989","post","type-post","status-publish","format-standard","has-post-thumbnail","hentry","category-noticias"],"_links":{"self":[{"href":"https:\/\/ceas.org.pe\/index.php\/wp-json\/wp\/v2\/posts\/1989","targetHints":{"allow":["GET"]}}],"collection":[{"href":"https:\/\/ceas.org.pe\/index.php\/wp-json\/wp\/v2\/posts"}],"about":[{"href":"https:\/\/ceas.org.pe\/index.php\/wp-json\/wp\/v2\/types\/post"}],"author":[{"embeddable":true,"href":"https:\/\/ceas.org.pe\/index.php\/wp-json\/wp\/v2\/users\/1"}],"replies":[{"embeddable":true,"href":"https:\/\/ceas.org.pe\/index.php\/wp-json\/wp\/v2\/comments?post=1989"}],"version-history":[{"count":1,"href":"https:\/\/ceas.org.pe\/index.php\/wp-json\/wp\/v2\/posts\/1989\/revisions"}],"predecessor-version":[{"id":7229,"href":"https:\/\/ceas.org.pe\/index.php\/wp-json\/wp\/v2\/posts\/1989\/revisions\/7229"}],"wp:featuredmedia":[{"embeddable":true,"href":"https:\/\/ceas.org.pe\/index.php\/wp-json\/wp\/v2\/media\/7974"}],"wp:attachment":[{"href":"https:\/\/ceas.org.pe\/index.php\/wp-json\/wp\/v2\/media?parent=1989"}],"wp:term":[{"taxonomy":"category","embeddable":true,"href":"https:\/\/ceas.org.pe\/index.php\/wp-json\/wp\/v2\/categories?post=1989"},{"taxonomy":"post_tag","embeddable":true,"href":"https:\/\/ceas.org.pe\/index.php\/wp-json\/wp\/v2\/tags?post=1989"}],"curies":[{"name":"wp","href":"https:\/\/api.w.org\/{rel}","templated":true}]}}