{"id":1986,"date":"2014-09-22T09:58:58","date_gmt":"2014-09-22T09:58:58","guid":{"rendered":""},"modified":"2026-03-11T09:12:19","modified_gmt":"2026-03-11T14:12:19","slug":"concentracion-publica-por-el-dia-nacional-contra-la-trata-de-personas","status":"publish","type":"post","link":"https:\/\/ceas.org.pe\/index.php\/2014\/09\/22\/concentracion-publica-por-el-dia-nacional-contra-la-trata-de-personas\/","title":{"rendered":"Concentraci\u00f3n p\u00fablica por el D\u00eda Nacional contra la Trata de Personas"},"content":{"rendered":"<p>Ma\u00f1ana martes 23 de setiembre se celebra el \u201cD\u00eda Nacional contra la trata de personas\u201d. Es por ello que diversas instituciones, entre ellas la Pastoral de Movilidad Humana y la Campa\u00f1a de Solidaridad Compartir, de la Conferencia Episcopal Peruana, llevar\u00e1n a cabo una manifestaci\u00f3n p\u00fablica en el Centro de Lima.<\/p>\n<p>La concentraci\u00f3n p\u00fablica por el D\u00eda Nacional contra la Trata de Personas se realizar\u00e1 este martes 23, de 6:00 a 8:00 p.m., en Plaza San Martin, Cercado de Lima. El evento es convocado por la Conferencia de Superioras y Superiores Mayores del Per\u00fa, la Red Andina de Migraciones y los despachos de las congresistas Karla Scheffer, Marisol Perez Tello y Natali Condori, junto a otras instituciones.<\/p>\n<p>El objetivo del evento es sensibilizar a los asistentes en los aspectos de prevenci\u00f3n en la tem\u00e1tica de trata de personas, as\u00ed como dar a conocer a las instituciones y sociedad civil las acciones impulsadas en favor de las v\u00edctimas de trata. <\/p>\n<p>(Fuente: CEP)<br \/>\n\u00a0<\/p>\n<p><a href=\"http:\/\/web.hilo.org.pe\/wp-content\/uploads\/TRATAPERSONAS.jpg\" target=\"_blank\" rel=\"noopener\">Ver archivo adjunto<\/a><\/p>\n","protected":false},"excerpt":{"rendered":"<p>Ma\u00f1ana martes 23 de setiembre se celebra el \u201cD\u00eda Nacional contra la trata de personas\u201d. Es por ello que diversas instituciones, entre ellas la Pastoral de Movilidad Humana y la Campa\u00f1a de Solidaridad Compartir, de la Conferencia Episcopal Peruana, llevar\u00e1n a cabo una manifestaci\u00f3n p\u00fablica en el Centro de Lima.<\/p>\n","protected":false},"author":1,"featured_media":7895,"comment_status":"closed","ping_status":"closed","sticky":false,"template":"","format":"standard","meta":{"footnotes":""},"categories":[9],"tags":[],"class_list":["post-1986","post","type-post","status-publish","format-standard","has-post-thumbnail","hentry","category-noticias"],"_links":{"self":[{"href":"https:\/\/ceas.org.pe\/index.php\/wp-json\/wp\/v2\/posts\/1986","targetHints":{"allow":["GET"]}}],"collection":[{"href":"https:\/\/ceas.org.pe\/index.php\/wp-json\/wp\/v2\/posts"}],"about":[{"href":"https:\/\/ceas.org.pe\/index.php\/wp-json\/wp\/v2\/types\/post"}],"author":[{"embeddable":true,"href":"https:\/\/ceas.org.pe\/index.php\/wp-json\/wp\/v2\/users\/1"}],"replies":[{"embeddable":true,"href":"https:\/\/ceas.org.pe\/index.php\/wp-json\/wp\/v2\/comments?post=1986"}],"version-history":[{"count":1,"href":"https:\/\/ceas.org.pe\/index.php\/wp-json\/wp\/v2\/posts\/1986\/revisions"}],"predecessor-version":[{"id":7232,"href":"https:\/\/ceas.org.pe\/index.php\/wp-json\/wp\/v2\/posts\/1986\/revisions\/7232"}],"wp:featuredmedia":[{"embeddable":true,"href":"https:\/\/ceas.org.pe\/index.php\/wp-json\/wp\/v2\/media\/7895"}],"wp:attachment":[{"href":"https:\/\/ceas.org.pe\/index.php\/wp-json\/wp\/v2\/media?parent=1986"}],"wp:term":[{"taxonomy":"category","embeddable":true,"href":"https:\/\/ceas.org.pe\/index.php\/wp-json\/wp\/v2\/categories?post=1986"},{"taxonomy":"post_tag","embeddable":true,"href":"https:\/\/ceas.org.pe\/index.php\/wp-json\/wp\/v2\/tags?post=1986"}],"curies":[{"name":"wp","href":"https:\/\/api.w.org\/{rel}","templated":true}]}}