{"id":1980,"date":"2014-09-18T09:30:39","date_gmt":"2014-09-18T09:30:39","guid":{"rendered":""},"modified":"2026-03-11T09:12:19","modified_gmt":"2026-03-11T14:12:19","slug":"cetpros-de-la-diocesis-del-callao-promueven-una-expoferia","status":"publish","type":"post","link":"https:\/\/ceas.org.pe\/index.php\/2014\/09\/18\/cetpros-de-la-diocesis-del-callao-promueven-una-expoferia\/","title":{"rendered":"CETPROS de la Di\u00f3cesis del Callao promueven una Expoferia"},"content":{"rendered":"<div>Los Centros de Educaci\u00f3n T\u00e9cnico Productiva CETPRO, pertenecientes a la Di\u00f3cesis del Callao, en coordinaci\u00f3n con la Direcci\u00f3n Regional de Educaci\u00f3n del Primer Puerto y bajo el auspicio de la municipalidad chalaca, llevar\u00e1 a cabo una Expoferia con el fin de generar una cultura emprendedora en los j\u00f3venes estudiantes.<\/div>\n<div>\u00a0<\/div>\n<div>Esta expoferia reunir\u00e1 a estudiantes de 10 CETPROs chalacos, que cuentan con un alumnado promedio de 3000 mil j\u00f3venes y adultos de los sectores populares que anhelan insertarse en el mercado laboral como trabajadores independientes o dependientes.<\/div>\n<div>\u00a0<\/div>\n<div>En la exposici\u00f3n, los estudiantes de los CETPROs exhibir\u00e1n y pondr\u00e1n a la venta los productos que elaboran en sus respectivos centros y seg\u00fan las especialidades en las que se forman. Habr\u00e1 stands de gastronom\u00eda, dulces y pasteler\u00eda, bisuter\u00eda, peluquer\u00eda, confecciones, zona de masajes e informaci\u00f3n sobre los diversos cursos ocupacionales como: construcci\u00f3n met\u00e1licas, melamine, electricidad, estampados, automotriz, mantenimiento de computadoras, etc.<\/div>\n<div>\u00a0<\/div>\n<div>Esta expoeferia ser\u00e1 una oportunidad importante para mostrar las capacidades t\u00e9cnico-productiva de nuestros j\u00f3venes y a su vez, una forma de promover una opci\u00f3n.<\/div>\n<div>\u00a0<\/div>\n<div>Se sabe que en el Callao existen m\u00e1s de 60 mil j\u00f3venes entre las edades de 16 y 25 a\u00f1os que no estudian ni trabajan. Este evento es una plataforma ideal para conocer las diversas especialidades que ofrecen los CETPROs, su articulaci\u00f3n con el sector productivo, la calidad de preparaci\u00f3n y la incorporaci\u00f3n al mercado laboral.<\/div>\n<div>\u00a0<\/div>\n<div>Esta expoferia se realizar\u00e1 el viernes 26 de septiembre, a partir de las 10:00 a.m., en la Plaza Casanave, en pleno centro del Callao (Altura Mercado Central \u2013 Avenida S\u00e1enz Pe\u00f1a).\u00a0<\/div>\n<div>\u00a0<\/div>\n<div>Fuente: Facebook de Di\u00f3cesis del Callao<\/div>\n<p>\u00a0<\/p>\n<p><a href=\"http:\/\/web.hilo.org.pe\/wp-content\/uploads\/cetpros.jpg\" target=\"_blank\" rel=\"noopener\">Ver archivo adjunto<\/a><\/p>\n","protected":false},"excerpt":{"rendered":"<p>Los Centros de Educaci\u00f3n T\u00e9cnico Productiva CETPRO, pertenecientes a la Di\u00f3cesis del Callao, en coordinaci\u00f3n con la Direcci\u00f3n Regional de Educaci\u00f3n del Primer Puerto y bajo el auspicio de la municipalidad chalaca, llevar\u00e1 a cabo una Expoferia con el fin de generar una cultura emprendedora en los j\u00f3venes estudiantes.<\/p>\n","protected":false},"author":1,"featured_media":7848,"comment_status":"closed","ping_status":"closed","sticky":false,"template":"","format":"standard","meta":{"footnotes":""},"categories":[9],"tags":[],"class_list":["post-1980","post","type-post","status-publish","format-standard","has-post-thumbnail","hentry","category-noticias"],"_links":{"self":[{"href":"https:\/\/ceas.org.pe\/index.php\/wp-json\/wp\/v2\/posts\/1980","targetHints":{"allow":["GET"]}}],"collection":[{"href":"https:\/\/ceas.org.pe\/index.php\/wp-json\/wp\/v2\/posts"}],"about":[{"href":"https:\/\/ceas.org.pe\/index.php\/wp-json\/wp\/v2\/types\/post"}],"author":[{"embeddable":true,"href":"https:\/\/ceas.org.pe\/index.php\/wp-json\/wp\/v2\/users\/1"}],"replies":[{"embeddable":true,"href":"https:\/\/ceas.org.pe\/index.php\/wp-json\/wp\/v2\/comments?post=1980"}],"version-history":[{"count":1,"href":"https:\/\/ceas.org.pe\/index.php\/wp-json\/wp\/v2\/posts\/1980\/revisions"}],"predecessor-version":[{"id":7238,"href":"https:\/\/ceas.org.pe\/index.php\/wp-json\/wp\/v2\/posts\/1980\/revisions\/7238"}],"wp:featuredmedia":[{"embeddable":true,"href":"https:\/\/ceas.org.pe\/index.php\/wp-json\/wp\/v2\/media\/7848"}],"wp:attachment":[{"href":"https:\/\/ceas.org.pe\/index.php\/wp-json\/wp\/v2\/media?parent=1980"}],"wp:term":[{"taxonomy":"category","embeddable":true,"href":"https:\/\/ceas.org.pe\/index.php\/wp-json\/wp\/v2\/categories?post=1980"},{"taxonomy":"post_tag","embeddable":true,"href":"https:\/\/ceas.org.pe\/index.php\/wp-json\/wp\/v2\/tags?post=1980"}],"curies":[{"name":"wp","href":"https:\/\/api.w.org\/{rel}","templated":true}]}}