{"id":1977,"date":"2014-09-17T10:00:17","date_gmt":"2014-09-17T10:00:17","guid":{"rendered":""},"modified":"2026-03-11T09:12:19","modified_gmt":"2026-03-11T14:12:19","slug":"celam-y-aleteia-se-unen-para-defender-los-derechos-de-los-migrantes","status":"publish","type":"post","link":"https:\/\/ceas.org.pe\/index.php\/2014\/09\/17\/celam-y-aleteia-se-unen-para-defender-los-derechos-de-los-migrantes\/","title":{"rendered":"CELAM y Aleteia se unen para defender los derechos de los migrantes"},"content":{"rendered":"<p>\u00a0En un acuerdo sin precedentes en lo que se refiere a informaci\u00f3n sobre uno de los grandes problemas de Am\u00e9rica Latina (y del mundo), la migraci\u00f3n, el Consejo Episcopal Latinoamericano (CELAM) y Aleteia han combinado los esfuerzos de sus p\u00e1ginas web para difundir informaci\u00f3n y defender los derechos humanos de los migrantes que, en su mayor\u00eda, se dirigen a los Estados Unidos en busca de mejores condiciones de vida, huyendo de la violencia o de la pobreza.<\/p>\n<div>\u00a0<\/div>\n<div>El CELAM, a trav\u00e9s de su portal \u201cMigrantes Hoy\u201d y Aleteia, a trav\u00e9s de su p\u00e1gina de referencia \u201cEspecial Inmigraci\u00f3n\u201d, misma que viene operando desde el mes de julio de 2014, van a compartir empe\u00f1os para poder servir mejor a la comunidad migrante \u2013sobre todo la de Centroam\u00e9rica y de M\u00e9xico en la frontera y al interior de los Estados Unidos\u2014en medio de la indiferencia globalizada, que toca, incluso, a los cat\u00f3licos.<\/div>\n<div>\u00a0<\/div>\n<div>La doctora Susana Nuin N\u00fa\u00f1ez, secretaria ejecutiva del Departamento de Comunicaci\u00f3n y Prensa del Celam, ha escrito una carta en la cual expresa su apoyo al esfuerzo de Aleteia en el campo de la migraci\u00f3n. \u201cSu secci\u00f3n Inmigraci\u00f3n refleja vivencialmente el clamor del pueblo sufriente que se ve obligado a emigrar, con el fin de encontrar un lugar donde proyectarse como personas, y muchas veces, simplemente con el objeto de llegar a un refugio donde subsistir, huyendo de grav\u00edsimas situaciones de injusticia\u201d.<\/div>\n<div>\u00a0<\/div>\n<div>Para la encargada de la comunicaci\u00f3n del CELAM, organismo que re\u00fane a 22 conferencias episcopales de Latinoam\u00e9rica y El Caribe, \u201cla mencionada secci\u00f3n responde al urgente llamado del Papa Francisco a velar por los despose\u00eddos y desterrados con especial predilecci\u00f3n\u201d, al tiempo que dese\u00f3 que esta p\u00e1gina de Aleteia \u201csea una importante contribuci\u00f3n para la comunidad eclesial, tan necesitada de evangelizaci\u00f3n en el campo social, y concretamente, en el acoger con esp\u00edritu cristiano a quienes se llegan de otras culturas y otros niveles sociales\u201d.<\/div>\n<div>\u00a0<\/div>\n<div>Diariamente, Aleteia est\u00e1 monitoreando la terrible crisis humanitaria en la que se encuentra la frontera norte de M\u00e9xico, especialmente la crisis de los migrantes menores de edad viajando en solitario. \u00a0El monitoreo se enriquece a\u00f1adiendo noticias de otros puntos del orbe, con especial \u00e9nfasis en el estrecho de Gibraltar y la isla siciliana de Lampedusa. \u00a0As\u00ed mismo \u2013ha escrito Inma \u00c1lvarez, responsable de la edici\u00f3n espa\u00f1ola de Aleteia\u2014la p\u00e1gina de referencia muestra \u201cel duro trabajo de la Iglesia cat\u00f3lica para encarar estas situaciones\u201d.<\/div>\n<div>\u00a0<\/div>\n<div>Fuente: celam.org<\/div>\n<p><a href=\"http:\/\/web.hilo.org.pe\/wp-content\/uploads\/migrantes.jpg\" target=\"_blank\" rel=\"noopener\">Ver archivo adjunto<\/a><\/p>\n","protected":false},"excerpt":{"rendered":"<p>En un acuerdo sin precedentes en lo que se refiere a informaci\u00f3n sobre uno de los grandes problemas de Am\u00e9rica Latina (y del mundo), la migraci\u00f3n, el Consejo Episcopal Latinoamericano (CELAM) y Aleteia han combinado los esfuerzos de sus p\u00e1ginas web para difundir informaci\u00f3n y defender los derechos humanos de los migrantes que, en su mayor\u00eda, se dirigen a los Estados Unidos en busca de mejores condiciones de vida, huyendo de la violencia o de la pobreza.<\/p>\n","protected":false},"author":1,"featured_media":7936,"comment_status":"closed","ping_status":"closed","sticky":false,"template":"","format":"standard","meta":{"footnotes":""},"categories":[9],"tags":[],"class_list":["post-1977","post","type-post","status-publish","format-standard","has-post-thumbnail","hentry","category-noticias"],"_links":{"self":[{"href":"https:\/\/ceas.org.pe\/index.php\/wp-json\/wp\/v2\/posts\/1977","targetHints":{"allow":["GET"]}}],"collection":[{"href":"https:\/\/ceas.org.pe\/index.php\/wp-json\/wp\/v2\/posts"}],"about":[{"href":"https:\/\/ceas.org.pe\/index.php\/wp-json\/wp\/v2\/types\/post"}],"author":[{"embeddable":true,"href":"https:\/\/ceas.org.pe\/index.php\/wp-json\/wp\/v2\/users\/1"}],"replies":[{"embeddable":true,"href":"https:\/\/ceas.org.pe\/index.php\/wp-json\/wp\/v2\/comments?post=1977"}],"version-history":[{"count":1,"href":"https:\/\/ceas.org.pe\/index.php\/wp-json\/wp\/v2\/posts\/1977\/revisions"}],"predecessor-version":[{"id":7241,"href":"https:\/\/ceas.org.pe\/index.php\/wp-json\/wp\/v2\/posts\/1977\/revisions\/7241"}],"wp:featuredmedia":[{"embeddable":true,"href":"https:\/\/ceas.org.pe\/index.php\/wp-json\/wp\/v2\/media\/7936"}],"wp:attachment":[{"href":"https:\/\/ceas.org.pe\/index.php\/wp-json\/wp\/v2\/media?parent=1977"}],"wp:term":[{"taxonomy":"category","embeddable":true,"href":"https:\/\/ceas.org.pe\/index.php\/wp-json\/wp\/v2\/categories?post=1977"},{"taxonomy":"post_tag","embeddable":true,"href":"https:\/\/ceas.org.pe\/index.php\/wp-json\/wp\/v2\/tags?post=1977"}],"curies":[{"name":"wp","href":"https:\/\/api.w.org\/{rel}","templated":true}]}}