{"id":1975,"date":"2014-09-16T11:12:01","date_gmt":"2014-09-16T11:12:01","guid":{"rendered":""},"modified":"2026-03-11T09:12:19","modified_gmt":"2026-03-11T14:12:19","slug":"mensaje-del-papa-a-la-red-eclesial-pan-amazonica","status":"publish","type":"post","link":"https:\/\/ceas.org.pe\/index.php\/2014\/09\/16\/mensaje-del-papa-a-la-red-eclesial-pan-amazonica\/","title":{"rendered":"Mensaje del Papa a la Red Eclesial Pan-Amaz\u00f3nica"},"content":{"rendered":"<p>(RV).- El Santo Padre, a trav\u00e9s del cardenal Pietro Parolin, Secretario de Estado ha enviado un mensaje a los participantes en el encuentro inaugural de la Red Pan-Amaz\u00f3nica eclesial, que concluye este viernes en Brasilia (Brasil). <\/p>\n<p>El mensaje est\u00e1 dirigido al arzobispo Pedro Ricardo Barreto Jimeno S.I., de Huancayo (Per\u00fa) Presidente del Departamento de Justicia y Solidaridad del CELAM (Consejo Episcopal Latinoamericano). El Papa, citando la exhortaci\u00f3n apost\u00f3lica \u00bbEvangelii gaudium\u00bb, afirma que los asistentes al encuentro responden al desaf\u00edo crucial \u00bbde vivir juntos, de mezclarnos, de encontrarnos, de tomarnos de los brazos, de apoyarnos, de participar de esa marea algo ca\u00f3tica que puede convertirse en una verdadera experiencia de fraternidad, en una caravana solidaria, en una santa peregrinaci\u00f3n. <\/p>\n<p>De este modo, las mayores posibilidades de comunicaci\u00f3n se traducir\u00e1n en m\u00e1s posibilidades de encuentro y de solidaridad entre todos\u00bb. Francisco manifiesta su alegr\u00eda por ver que ha sido acogido su llamamiento en favor de la creaci\u00f3n de una red innovadora orientada espec\u00edficamente a las cuestiones ecol\u00f3gicas en el Amazonas y, tras desear que la iniciativa tenga \u00e9xito aprovecha la ocasi\u00f3n para recordar a todos que la red digital debe ser un lugar rico de la humanidad: no una red de hilos, sino de personas. <\/p>\n<p>\u00bbNo es suficiente circular por los \u00abcaminos\u00bb digitales -escribe- es necesario que la conexi\u00f3n est\u00e9 acompa\u00f1ada del verdadero encuentro: no podemos vivir solos, encerrados en nosotros mismos; necesitamos amar y ser amados, necesitamos ternura. Solamente as\u00ed el testimonio cristiano, gracias a la red, puede llegar a las periferias existenciales humanas, permitiendo que la levadura cristiana fecunde y haga progresar a las culturas vivas de la Amazon\u00eda y a sus valores\u00bb.(RC-RV)<\/p>\n<p>Fuente: news.va<\/p>\n<p><a href=\"http:\/\/web.hilo.org.pe\/wp-content\/uploads\/eclesial.JPG\" target=\"_blank\" rel=\"noopener\">Ver archivo adjunto<\/a><\/p>\n","protected":false},"excerpt":{"rendered":"<p>(RV).- El Santo Padre, a trav\u00e9s del cardenal Pietro Parolin, Secretario de Estado ha enviado un mensaje a los participantes en el encuentro inaugural de la Red Pan-Amaz\u00f3nica eclesial, que concluye este viernes en Brasilia (Brasil).<\/p>\n","protected":false},"author":1,"featured_media":7973,"comment_status":"closed","ping_status":"closed","sticky":false,"template":"","format":"standard","meta":{"footnotes":""},"categories":[9],"tags":[],"class_list":["post-1975","post","type-post","status-publish","format-standard","has-post-thumbnail","hentry","category-noticias"],"_links":{"self":[{"href":"https:\/\/ceas.org.pe\/index.php\/wp-json\/wp\/v2\/posts\/1975","targetHints":{"allow":["GET"]}}],"collection":[{"href":"https:\/\/ceas.org.pe\/index.php\/wp-json\/wp\/v2\/posts"}],"about":[{"href":"https:\/\/ceas.org.pe\/index.php\/wp-json\/wp\/v2\/types\/post"}],"author":[{"embeddable":true,"href":"https:\/\/ceas.org.pe\/index.php\/wp-json\/wp\/v2\/users\/1"}],"replies":[{"embeddable":true,"href":"https:\/\/ceas.org.pe\/index.php\/wp-json\/wp\/v2\/comments?post=1975"}],"version-history":[{"count":1,"href":"https:\/\/ceas.org.pe\/index.php\/wp-json\/wp\/v2\/posts\/1975\/revisions"}],"predecessor-version":[{"id":7243,"href":"https:\/\/ceas.org.pe\/index.php\/wp-json\/wp\/v2\/posts\/1975\/revisions\/7243"}],"wp:featuredmedia":[{"embeddable":true,"href":"https:\/\/ceas.org.pe\/index.php\/wp-json\/wp\/v2\/media\/7973"}],"wp:attachment":[{"href":"https:\/\/ceas.org.pe\/index.php\/wp-json\/wp\/v2\/media?parent=1975"}],"wp:term":[{"taxonomy":"category","embeddable":true,"href":"https:\/\/ceas.org.pe\/index.php\/wp-json\/wp\/v2\/categories?post=1975"},{"taxonomy":"post_tag","embeddable":true,"href":"https:\/\/ceas.org.pe\/index.php\/wp-json\/wp\/v2\/tags?post=1975"}],"curies":[{"name":"wp","href":"https:\/\/api.w.org\/{rel}","templated":true}]}}