{"id":1969,"date":"2014-09-12T09:53:04","date_gmt":"2014-09-12T09:53:04","guid":{"rendered":""},"modified":"2026-03-11T09:12:20","modified_gmt":"2026-03-11T14:12:20","slug":"decreto-de-la-congregacion-para-el-culto-divino-y-la-disciplina-de-los-sacramentos","status":"publish","type":"post","link":"https:\/\/ceas.org.pe\/index.php\/2014\/09\/12\/decreto-de-la-congregacion-para-el-culto-divino-y-la-disciplina-de-los-sacramentos\/","title":{"rendered":"Decreto de la Congregaci\u00f3n para el culto divino y la disciplina de los sacramentos"},"content":{"rendered":"<p>El Papa Francisco, teniendo en cuenta las innumerables peticiones que llegan de todas las partes del mundo, ha dispuesto por medio de un decreto, que las celebraciones de las fiestas lit\u00fargicas de los santos Pont\u00edfices Juan XXIII y Juan Pablo II sean inscritas en el Calendario romano general \u2014la primera el 11 y la segunda el 22 de octubre\u2014 con el grado de memoria facultativa. La edici\u00f3n cotidiana publica en lat\u00edn y en italiano el decreto emanado por la Congregaci\u00f3n para el culto divino y la disciplina de los sacramentos que regula el culto reservado a los dos santos, y los textos lit\u00fargicos para la misa en honor del Papa Roncalli. Los textos del Papa Wojty\u0142a fueron publicados en la edici\u00f3n italiana de \u00abL&#8217;Osservator Romano\u00bb el 11-12 de abril de 2011.<\/p>\n<p>Fuente. news.va<\/p>\n<p><a href=\"http:\/\/web.hilo.org.pe\/wp-content\/uploads\/sacramentos.jpg\" target=\"_blank\" rel=\"noopener\">Ver archivo adjunto<\/a><\/p>\n","protected":false},"excerpt":{"rendered":"<p>El Papa Francisco, teniendo en cuenta las innumerables peticiones que llegan de todas las partes del mundo, ha dispuesto por medio de un decreto, que las celebraciones de las fiestas lit?rgicas de los santos Pont?fices Juan XXIII y Juan Pablo II sean inscritas en el Calendario romano general ?la primera el 11 y la segunda el 22 de octubre? con el grado de memoria facultativa.<\/p>\n","protected":false},"author":1,"featured_media":7970,"comment_status":"closed","ping_status":"closed","sticky":false,"template":"","format":"standard","meta":{"footnotes":""},"categories":[9],"tags":[],"class_list":["post-1969","post","type-post","status-publish","format-standard","has-post-thumbnail","hentry","category-noticias"],"_links":{"self":[{"href":"https:\/\/ceas.org.pe\/index.php\/wp-json\/wp\/v2\/posts\/1969","targetHints":{"allow":["GET"]}}],"collection":[{"href":"https:\/\/ceas.org.pe\/index.php\/wp-json\/wp\/v2\/posts"}],"about":[{"href":"https:\/\/ceas.org.pe\/index.php\/wp-json\/wp\/v2\/types\/post"}],"author":[{"embeddable":true,"href":"https:\/\/ceas.org.pe\/index.php\/wp-json\/wp\/v2\/users\/1"}],"replies":[{"embeddable":true,"href":"https:\/\/ceas.org.pe\/index.php\/wp-json\/wp\/v2\/comments?post=1969"}],"version-history":[{"count":1,"href":"https:\/\/ceas.org.pe\/index.php\/wp-json\/wp\/v2\/posts\/1969\/revisions"}],"predecessor-version":[{"id":7249,"href":"https:\/\/ceas.org.pe\/index.php\/wp-json\/wp\/v2\/posts\/1969\/revisions\/7249"}],"wp:featuredmedia":[{"embeddable":true,"href":"https:\/\/ceas.org.pe\/index.php\/wp-json\/wp\/v2\/media\/7970"}],"wp:attachment":[{"href":"https:\/\/ceas.org.pe\/index.php\/wp-json\/wp\/v2\/media?parent=1969"}],"wp:term":[{"taxonomy":"category","embeddable":true,"href":"https:\/\/ceas.org.pe\/index.php\/wp-json\/wp\/v2\/categories?post=1969"},{"taxonomy":"post_tag","embeddable":true,"href":"https:\/\/ceas.org.pe\/index.php\/wp-json\/wp\/v2\/tags?post=1969"}],"curies":[{"name":"wp","href":"https:\/\/api.w.org\/{rel}","templated":true}]}}