{"id":1964,"date":"2014-09-09T09:26:05","date_gmt":"2014-09-09T09:26:05","guid":{"rendered":""},"modified":"2026-03-11T09:12:20","modified_gmt":"2026-03-11T14:12:20","slug":"el-hambre-en-el-mundo-es-un-crimen","status":"publish","type":"post","link":"https:\/\/ceas.org.pe\/index.php\/2014\/09\/09\/el-hambre-en-el-mundo-es-un-crimen\/","title":{"rendered":"\u00abEl hambre en el mundo es un crimen\u00bb"},"content":{"rendered":"<p>El hambre en el mundo es un crimen: Es una de las conclusiones a las que llegan los referentes de las C\u00e1ritas de Centroam\u00e9rica y M\u00e9xico (CAMEX) reunidos bajo el lema \u201cCon justicia y solidaridad en la mesa cabemos todos\u201d, como reuni\u00f3n preparatoria para el XVII Congreso de C\u00e1ritas de Am\u00e9rica Latina y El Caribe y que cabe perfectamente en el marco de la campa\u00f1a mundial que C\u00e1ritas Internationalis promueve en la b\u00fasqueda de erradicar el hambre. El Congreso zonal se realiza en San Salvador del 26 al 28 de agosto.<\/p>\n<div>\u00a0<\/div>\n<div>El impacto ineludible del cambio clim\u00e1tico en la seguridad y soberan\u00eda alimentaria, las respuestas que brinda C\u00e1ritas en la zona de Centroam\u00e9rica y M\u00e9xico hacia los m\u00e1s vulnerables y empobrecidos desde un compartir de experiencias, son algunos de los aspectos revisados y proyectados para futuras acciones. La visita a una comunidad en San Luis Talpa al sur de San Salvador, en la Di\u00f3cesis de Zacatecoluca, permiti\u00f3 constatar que es posible que peque\u00f1os agricultores generen acciones de adaptaci\u00f3n al cambio clim\u00e1tico, conociendo de primera mano los cultivos org\u00e1nicos de Francisco Garc\u00eda, campesino que a trav\u00e9s de las pr\u00e1cticas de la agricultura org\u00e1nica ha logrado, por ejemplo, que su cosecha de ma\u00edz sobreviva a la fuerte sequ\u00eda que ha golpeado a El Salvador y otros pa\u00edses centroamericanos.<\/div>\n<div>\u00a0<\/div>\n<div>Asumir una postura prof\u00e9tica, perseverante y esperanzadora ante temas como el hambre, migraci\u00f3n, cambio clim\u00e1tico y otros, es una reflexi\u00f3n muy sentida al interior de las diferentes C\u00e1ritas participantes, quienes tambi\u00e9n hicieron un diagn\u00f3stico de los logros, impactos, dificultades y perspectivas del trabajo en la zona CAMEX en los \u00faltimos cuatro a\u00f1os.<\/div>\n<div>\u00a0<\/div>\n<div>La reuni\u00f3n cont\u00f3 tambi\u00e9n con la participaci\u00f3n de representantes de Catholic Relief Service (CRS) y C\u00e1ritas Espa\u00f1a, as\u00ed como con la visita del representante del Papa Francisco en El Salvador Monse\u00f1or Le\u00f3n Calenga, quien record\u00f3 que la misi\u00f3n caracter\u00edstica de C\u00e1ritas est\u00e1 impl\u00edcita en su nombre: \u201cLa caridad hacia el necesitado donde quiera que se encuentre y en el momento hist\u00f3rico que sea\u201d, sin temor a la cr\u00edtica o a las dificultades que se presentan en el cumplimiento de la misi\u00f3n encomendada por el mismo Jesucritso y que constituye la raz\u00f3n de ser de C\u00e1ritas en particular y de la Iglesia en General.<\/div>\n<div>\u00a0<\/div>\n<div>C\u00e1ritas es la caricia de la Iglesia para los pobres, se expres\u00f3 parafraseando al Papa Benedicto XVI, despu\u00e9s de analizar el mapa de la pobreza en la zona CAMEX y la situaci\u00f3n del hambre, violencia y exclusi\u00f3n social triste paisaje que abate a miles y miles de personas y en los que C\u00e1ritas est\u00e1 llamada a dibujar una sonrisa de esperanza.<\/div>\n<div>\u00a0<\/div>\n<div>Fuente. caritaslatinoamerica.org<\/div>\n<div>\u00a0<\/div>\n<div>\u00a0<\/div>\n<p><a href=\"http:\/\/web.hilo.org.pe\/wp-content\/uploads\/hambre.jpg\" target=\"_blank\" rel=\"noopener\">Ver archivo adjunto<\/a><\/p>\n","protected":false},"excerpt":{"rendered":"<p>El hambre en el mundo es un crimen: Es una de las conclusiones a las que llegan los referentes de las C\u00e1ritas de Centroam\u00e9rica y M\u00e9xico (CAMEX) reunidos bajo el lema \u201cCon justicia y solidaridad en la mesa cabemos todos\u201d, como reuni\u00f3n preparatoria para el XVII Congreso de C\u00e1ritas de Am\u00e9rica Latina y El Caribe y que cabe perfectamente en el marco de la campa\u00f1a mundial que C\u00e1ritas Internationalis promueve en la b\u00fasqueda de erradicar el hambre. El Congreso zonal se realiza en San Salvador del 26 al 28 de agosto.<\/p>\n","protected":false},"author":1,"featured_media":7910,"comment_status":"closed","ping_status":"closed","sticky":false,"template":"","format":"standard","meta":{"footnotes":""},"categories":[9],"tags":[],"class_list":["post-1964","post","type-post","status-publish","format-standard","has-post-thumbnail","hentry","category-noticias"],"_links":{"self":[{"href":"https:\/\/ceas.org.pe\/index.php\/wp-json\/wp\/v2\/posts\/1964","targetHints":{"allow":["GET"]}}],"collection":[{"href":"https:\/\/ceas.org.pe\/index.php\/wp-json\/wp\/v2\/posts"}],"about":[{"href":"https:\/\/ceas.org.pe\/index.php\/wp-json\/wp\/v2\/types\/post"}],"author":[{"embeddable":true,"href":"https:\/\/ceas.org.pe\/index.php\/wp-json\/wp\/v2\/users\/1"}],"replies":[{"embeddable":true,"href":"https:\/\/ceas.org.pe\/index.php\/wp-json\/wp\/v2\/comments?post=1964"}],"version-history":[{"count":1,"href":"https:\/\/ceas.org.pe\/index.php\/wp-json\/wp\/v2\/posts\/1964\/revisions"}],"predecessor-version":[{"id":7254,"href":"https:\/\/ceas.org.pe\/index.php\/wp-json\/wp\/v2\/posts\/1964\/revisions\/7254"}],"wp:featuredmedia":[{"embeddable":true,"href":"https:\/\/ceas.org.pe\/index.php\/wp-json\/wp\/v2\/media\/7910"}],"wp:attachment":[{"href":"https:\/\/ceas.org.pe\/index.php\/wp-json\/wp\/v2\/media?parent=1964"}],"wp:term":[{"taxonomy":"category","embeddable":true,"href":"https:\/\/ceas.org.pe\/index.php\/wp-json\/wp\/v2\/categories?post=1964"},{"taxonomy":"post_tag","embeddable":true,"href":"https:\/\/ceas.org.pe\/index.php\/wp-json\/wp\/v2\/tags?post=1964"}],"curies":[{"name":"wp","href":"https:\/\/api.w.org\/{rel}","templated":true}]}}