{"id":1963,"date":"2014-09-09T09:23:05","date_gmt":"2014-09-09T09:23:05","guid":{"rendered":""},"modified":"2026-03-11T09:12:20","modified_gmt":"2026-03-11T14:12:20","slug":"mons-pedro-barreto-cumplio-10-anos-como-arzobispo-de-huancayo","status":"publish","type":"post","link":"https:\/\/ceas.org.pe\/index.php\/2014\/09\/09\/mons-pedro-barreto-cumplio-10-anos-como-arzobispo-de-huancayo\/","title":{"rendered":"Mons. Pedro Barreto cumpli\u00f3 10 a\u00f1os como Arzobispo de Huancayo"},"content":{"rendered":"<div>El Arzobispo de Huancayo, Monse\u00f1or Pedro Barreto Jimeno, celebra hoy 5 de setiembre el d\u00e9cimo aniversario de la toma de posesi\u00f3n de la Arquidi\u00f3cesis.<\/div>\n<div>\u00a0<\/div>\n<div>Con tal motivo, se celebrar\u00e1 una Santa Misa de acci\u00f3n de gracias, a las 5:00 de la tarde, en la Iglesia Catedral, con la participaci\u00f3n de las comunidades parroquiales que le expresar\u00e1n su afecto y gratitud por los a\u00f1os que est\u00e1 al frente del Arzobispado de Huancayo.<\/div>\n<div>\u00a0<\/div>\n<div>Se recuerda que el 17 de julio del a\u00f1o 2004, el Papa Juan Pablo II lo nombr\u00f3 Arzobispo Metropolitano de Huancayo, tomando posesi\u00f3n del cargo el 5 de setiembre con una solemne ceremonia que cont\u00f3 con la asistencia de obispos y sacerdotes de varias di\u00f3cesis del Per\u00fa.<\/div>\n<div>\u00a0<\/div>\n<div>Desde entonces viene cumpliendo una gran labor pastoral a favor de los ni\u00f1os, j\u00f3venes, familias, personas de la tercera edad, enfermos, internos en los penales; as\u00ed como un intenso trabajo social por los derechos y la dignidad de las personas, la defensa de la vida, la salud y un trabajo digno, y la recuperaci\u00f3n del medio ambiente.<\/div>\n<div>\u00a0<\/div>\n<div>Actualmente el Arzobispo tambi\u00e9n ocupa el cargo como Primer Vicepresidente de la Conferencia Episcopal Peruana; asimismo, es presidente del Departamento de Justicia y Solidaridad del Consejo Episcopal Latinoamericano y miembro del Pontificio Consejo de Justicia y Paz del Vaticano.<\/div>\n<div>\u00a0<\/div>\n<div>(Fuente: CEP)<\/div>\n<p><a href=\"http:\/\/web.hilo.org.pe\/wp-content\/uploads\/barreto1.jpg\" target=\"_blank\" rel=\"noopener\">Ver archivo adjunto<\/a><\/p>\n","protected":false},"excerpt":{"rendered":"<p>El Arzobispo de Huancayo, Monse\u00f1or Pedro Barreto Jimeno, celebra hoy 5 de setiembre el d\u00e9cimo aniversario de la toma de posesi\u00f3n de la Arquidi\u00f3cesis.<\/p>\n","protected":false},"author":1,"featured_media":7919,"comment_status":"closed","ping_status":"closed","sticky":false,"template":"","format":"standard","meta":{"footnotes":""},"categories":[9],"tags":[],"class_list":["post-1963","post","type-post","status-publish","format-standard","has-post-thumbnail","hentry","category-noticias"],"_links":{"self":[{"href":"https:\/\/ceas.org.pe\/index.php\/wp-json\/wp\/v2\/posts\/1963","targetHints":{"allow":["GET"]}}],"collection":[{"href":"https:\/\/ceas.org.pe\/index.php\/wp-json\/wp\/v2\/posts"}],"about":[{"href":"https:\/\/ceas.org.pe\/index.php\/wp-json\/wp\/v2\/types\/post"}],"author":[{"embeddable":true,"href":"https:\/\/ceas.org.pe\/index.php\/wp-json\/wp\/v2\/users\/1"}],"replies":[{"embeddable":true,"href":"https:\/\/ceas.org.pe\/index.php\/wp-json\/wp\/v2\/comments?post=1963"}],"version-history":[{"count":1,"href":"https:\/\/ceas.org.pe\/index.php\/wp-json\/wp\/v2\/posts\/1963\/revisions"}],"predecessor-version":[{"id":7255,"href":"https:\/\/ceas.org.pe\/index.php\/wp-json\/wp\/v2\/posts\/1963\/revisions\/7255"}],"wp:featuredmedia":[{"embeddable":true,"href":"https:\/\/ceas.org.pe\/index.php\/wp-json\/wp\/v2\/media\/7919"}],"wp:attachment":[{"href":"https:\/\/ceas.org.pe\/index.php\/wp-json\/wp\/v2\/media?parent=1963"}],"wp:term":[{"taxonomy":"category","embeddable":true,"href":"https:\/\/ceas.org.pe\/index.php\/wp-json\/wp\/v2\/categories?post=1963"},{"taxonomy":"post_tag","embeddable":true,"href":"https:\/\/ceas.org.pe\/index.php\/wp-json\/wp\/v2\/tags?post=1963"}],"curies":[{"name":"wp","href":"https:\/\/api.w.org\/{rel}","templated":true}]}}