{"id":1962,"date":"2014-09-08T10:12:58","date_gmt":"2014-09-08T10:12:58","guid":{"rendered":""},"modified":"2026-03-11T09:12:20","modified_gmt":"2026-03-11T14:12:20","slug":"peru-mensaje-por-la-xx-jornada-por-la-vida","status":"publish","type":"post","link":"https:\/\/ceas.org.pe\/index.php\/2014\/09\/08\/peru-mensaje-por-la-xx-jornada-por-la-vida\/","title":{"rendered":"Per\u00fa: Mensaje por la XX Jornada por la vida"},"content":{"rendered":"<div>En el marco de la Semana Nacional de la Familia, se celebra tambi\u00e9n la XX Jornada por la Vida, por ello, la Comisi\u00f3n Episcopal de Familia y Vida ha elaborado un mensaje, titulado: \u201cFamilia, custodia de la Vida\u201d, que resalta el don precioso de la vida humana, especialmente en las primeras etapas desde su concepci\u00f3n.<\/div>\n<div>\u00a0<\/div>\n<div>El mensaje tambi\u00e9n resalta que la vida humana es sagrada desde el primer momento, y nadie, en ninguna circunstancia puede arrogarse \u201cel derecho a matar de modo directo a un ser humano inocente\u201d. Es por eso que la voz de la Iglesia se levanta y dice que \u201cel ser humano debe ser respetado y tratado como persona desde el instante de su concepci\u00f3n\u201d y debe ser defendido y protegido reconoci\u00e9ndole todos los derechos, especialmente el primero y m\u00e1s importante, el derecho a la vida. Este pensamiento est\u00e1 recogido tambi\u00e9n en las leyes peruanas, en nuestra Constituci\u00f3n Pol\u00edtica (art. 1 y art. 2 inciso 1) y nuestro C\u00f3digo Civil (Secci\u00f3n Primera, T\u00edtulo I). El tutelar la vida del concebido es obligaci\u00f3n del estado, y crear las condiciones para que esto ocurra es un deber irrevocable.\u00a0<\/div>\n<div>\u00a0<\/div>\n<div>Asimismo, resalta el gran don de la maternidad, que hace posible que en su seno se produzca el gran milagro de la vida, la formaci\u00f3n, gestaci\u00f3n y desarrollo del hijo. Lamentablemente esta cualidad femenina ha sido atacada por el feminismo radical y la ideolog\u00eda de g\u00e9nero, que pretenden hacer ver este don maravilloso como un medio de servilismo o de opresi\u00f3n, echando fuera del escenario al padre, debilitando as\u00ed a la familia a qui\u00e9n ha sido encargada ser custodia de la Vida, donde el ser humano se desarrolla en plenitud y amor.<\/div>\n<div>\u00a0<\/div>\n<p><a href=\"http:\/\/web.hilo.org.pe\/wp-content\/uploads\/semana-familia.jpg\" target=\"_blank\" rel=\"noopener\">Ver archivo adjunto<\/a><\/p>\n","protected":false},"excerpt":{"rendered":"<p>En el marco de la Semana Nacional de la Familia, se celebra tambi\u00e9n la XX Jornada por la Vida, por ello, la Comisi\u00f3n Episcopal de Familia y Vida ha elaborado un mensaje, titulado: \u201cFamilia, custodia de la Vida\u201d, que resalta el don precioso de la vida humana, especialmente en las primeras etapas desde su concepci\u00f3n.<\/p>\n","protected":false},"author":1,"featured_media":7968,"comment_status":"closed","ping_status":"closed","sticky":false,"template":"","format":"standard","meta":{"footnotes":""},"categories":[9],"tags":[],"class_list":["post-1962","post","type-post","status-publish","format-standard","has-post-thumbnail","hentry","category-noticias"],"_links":{"self":[{"href":"https:\/\/ceas.org.pe\/index.php\/wp-json\/wp\/v2\/posts\/1962","targetHints":{"allow":["GET"]}}],"collection":[{"href":"https:\/\/ceas.org.pe\/index.php\/wp-json\/wp\/v2\/posts"}],"about":[{"href":"https:\/\/ceas.org.pe\/index.php\/wp-json\/wp\/v2\/types\/post"}],"author":[{"embeddable":true,"href":"https:\/\/ceas.org.pe\/index.php\/wp-json\/wp\/v2\/users\/1"}],"replies":[{"embeddable":true,"href":"https:\/\/ceas.org.pe\/index.php\/wp-json\/wp\/v2\/comments?post=1962"}],"version-history":[{"count":1,"href":"https:\/\/ceas.org.pe\/index.php\/wp-json\/wp\/v2\/posts\/1962\/revisions"}],"predecessor-version":[{"id":7256,"href":"https:\/\/ceas.org.pe\/index.php\/wp-json\/wp\/v2\/posts\/1962\/revisions\/7256"}],"wp:featuredmedia":[{"embeddable":true,"href":"https:\/\/ceas.org.pe\/index.php\/wp-json\/wp\/v2\/media\/7968"}],"wp:attachment":[{"href":"https:\/\/ceas.org.pe\/index.php\/wp-json\/wp\/v2\/media?parent=1962"}],"wp:term":[{"taxonomy":"category","embeddable":true,"href":"https:\/\/ceas.org.pe\/index.php\/wp-json\/wp\/v2\/categories?post=1962"},{"taxonomy":"post_tag","embeddable":true,"href":"https:\/\/ceas.org.pe\/index.php\/wp-json\/wp\/v2\/tags?post=1962"}],"curies":[{"name":"wp","href":"https:\/\/api.w.org\/{rel}","templated":true}]}}