{"id":1954,"date":"2014-09-04T10:26:28","date_gmt":"2014-09-04T10:26:28","guid":{"rendered":""},"modified":"2026-03-11T09:12:20","modified_gmt":"2026-03-11T14:12:20","slug":"crean-comision-polotica-organizadora-de-cumbre-de-los-pueblos-frente-al-cambio-climotico","status":"publish","type":"post","link":"https:\/\/ceas.org.pe\/index.php\/2014\/09\/04\/crean-comision-polotica-organizadora-de-cumbre-de-los-pueblos-frente-al-cambio-climotico\/","title":{"rendered":"Crean Comisi\u00f3n Pol\u00f3tica Organizadora de Cumbre de los Pueblos frente al Cambio Clim\u00f3tico"},"content":{"rendered":"<p>\u00a0Gracias a una convocatoria abierta y p\u00fablica efectuada por el Pacto de Unidad de Organizaciones Ind\u00edgenas del Per\u00fa, el martes 26 se decidi\u00f3 la creaci\u00f3n de una Comisi\u00f3n Pol\u00edtica Organizadora de la Cumbre Alternativa de los Pueblos frente al Cambio Clim\u00e1tico.<\/p>\n<p>El auditorio de la Confederaci\u00f3n Nacional Agraria (CNA) ubicado en el centro de Lima fue el escenario donde se tom\u00f3 el trascendental acuerdo.<\/p>\n<div>De esta manera se coordinar\u00e1n e integrar\u00e1n las agendas de actividades a fin de dar un aut\u00e9ntico realce al magno evento que articular\u00e1 a los movimientos sociales y populares en el prop\u00f3sito com\u00fan de hacer oir la voz de los pueblos frente la cumbre clim\u00e1tica COP 20.<\/div>\n<div>\u00a0<\/div>\n<div>Antol\u00edn Hu\u00e1scar, presidente de la CNA, y Gladis Vila, presidenta de la organizaci\u00f3n nacional de mujeres ONAMIAP, en su calidad de coordinador y vocera del Pacto de Unidad, respectivamente, explicaron el programa de actividades que impulsan las organizaciones ind\u00edgenas y campesinas del Per\u00fa.<\/div>\n<div>\u00a0<\/div>\n<div>En \u00e9l se pudo conocer que el arribo a la capital de las delegaciones de los pueblos originarios del interior del pa\u00eds se iniciar\u00e1 de manera organizada desde el lunes 8 de diciembre.<\/div>\n<div>\u00a0<\/div>\n<div>En este d\u00eda se realizar\u00e1n las ceremonias y ofrendas espirituales de apertura con la participaci\u00f3n de delegaciones ind\u00edgenas internacionales y se compartir\u00e1 la agenda de trabajo en una reuni\u00f3n plenaria informativa.<\/div>\n<div>\u00a0<\/div>\n<div>Tambi\u00e9n se tiene prevista una velada art\u00edstica y cultural de apertura la cual continuar\u00e1 todas las noches.<\/div>\n<div>\u00a0<\/div>\n<div>El martes 9 se instalar\u00e1n las mesas tem\u00e1ticas nacionales e internacionales tanto de pueblos ind\u00edgenas como de otros sectores sociales, acad\u00e9micos, juveniles, etc. que trabajar\u00e1n durante el d\u00eda a fin de consensuar documentos con propuestas.<\/div>\n<div>\u00a0<\/div>\n<div>El mi\u00e9rcoles 10 de diciembre se realizar\u00e1 la Gran Marcha Global en Defensa de la Madre Tierra que tendr\u00e1 la forma de un pasacalle a fin de mostrar la extraordinaria diversidad cultural de los pueblos del Per\u00fa y del mundo.<\/div>\n<div>\u00a0<\/div>\n<div>El jueves 11 una delegaci\u00f3n nacional e internacional acudir\u00e1 al recinto oficial de la COP 20 a entregar de manera oficial las peticiones de la Cumbre Alternativa de los Pueblos del Per\u00fa y del mundo.<\/div>\n<div>\u00a0<\/div>\n<div><strong>Esp\u00edritu unitario<\/strong><\/div>\n<div>A la reuni\u00f3n asistieron destacados dirigentes como Juan Jos\u00e9 Gorriti de la Confederaci\u00f3n General de Trabajadores del Per\u00fa (CGTP), la m\u00e1s importante central sindical del pa\u00eds, Tarcila Rivera Zea, del Enlace Continental de Mujeres Ind\u00edgenas y Lourdes Huanca, presidenta de la organizaci\u00f3n de mujeres FENMUCARINAP.<\/div>\n<div>\u00a0<\/div>\n<div>Adem\u00e1s de ser miembro del Pacto de Unidad, Lourdes Huanca representa a la organizaci\u00f3n internacional Coordinadora Latinoamericana de Organizaciones del Campo (CLOC), afiliada a V\u00eda Campesina.<\/div>\n<div>\u00a0<\/div>\n<div>Asimismo Javier Jahncke de la Red Muqui, Mois\u00e9s Quispe Quispe de la Asociaci\u00f3n Nacional de productores Ecol\u00f3gicos y de la Alianza de Organizaciones Agrarias (AOA), Luis Hallazi del Colectivo Territorios Seguros, Osver Polo Carrasco de la Red Construyendo Puentes, Roc\u00edo Valdeavellano del Grupo Per\u00fa COP 20, C\u00e9sar Gamboa de la asociaci\u00f3n DAR, entre otros.<\/div>\n<div>\u00a0<\/div>\n<div>De esta manera las organizaciones ind\u00edgenas peruanas dieron por cerrado un cap\u00edtulo de desencuentros y descoordinaciones con Juan Pedro Chang, qui\u00e9n ha venido fungiendo de organizador de la Cumbre a pesar de su estilo personalista e informal.<\/div>\n<div>\u00a0<\/div>\n<div>Los representantes ind\u00edgenas expresaron sentirse defraudados debido a que desde febrero de este a\u00f1o han intentado concretar reuniones de coordinaci\u00f3n y trabajo en el marco del respeto y la igualdad, aspecto ignorado por el supuesto coordinador.<\/div>\n<div>\u00a0<\/div>\n<div>\u201cHemos perdido siete valiosos meses y no nos sentimos representados por este se\u00f1or que incluso se toma la atribuci\u00f3n de colocar el nombre de nuestras organizaciones en eventos nacionales e internacionales\u201d, expres\u00f3 Antol\u00edn Hu\u00e1scar en un evento sindical realizado hace pocos d\u00edas organizado por la Fundaci\u00f3n Ebert.<\/div>\n<div>\u00a0<\/div>\n<div>Fuente: servindi.org<\/div>\n<p><a href=\"http:\/\/web.hilo.org.pe\/wp-content\/uploads\/comision.jpg\" target=\"_blank\" rel=\"noopener\">Ver archivo adjunto<\/a><\/p>\n","protected":false},"excerpt":{"rendered":"<p>Gracias a una convocatoria abierta y p?blica efectuada por el Pacto de Unidad de Organizaciones Ind?genas del Per?, el martes 26 se decidi? la creaci?n de una Comisi?n Pol?tica Organizadora de la Cumbre Alternativa de los Pueblos frente al Cambio Clim?tico.<\/p>\n","protected":false},"author":1,"featured_media":7967,"comment_status":"closed","ping_status":"closed","sticky":false,"template":"","format":"standard","meta":{"footnotes":""},"categories":[9],"tags":[],"class_list":["post-1954","post","type-post","status-publish","format-standard","has-post-thumbnail","hentry","category-noticias"],"_links":{"self":[{"href":"https:\/\/ceas.org.pe\/index.php\/wp-json\/wp\/v2\/posts\/1954","targetHints":{"allow":["GET"]}}],"collection":[{"href":"https:\/\/ceas.org.pe\/index.php\/wp-json\/wp\/v2\/posts"}],"about":[{"href":"https:\/\/ceas.org.pe\/index.php\/wp-json\/wp\/v2\/types\/post"}],"author":[{"embeddable":true,"href":"https:\/\/ceas.org.pe\/index.php\/wp-json\/wp\/v2\/users\/1"}],"replies":[{"embeddable":true,"href":"https:\/\/ceas.org.pe\/index.php\/wp-json\/wp\/v2\/comments?post=1954"}],"version-history":[{"count":1,"href":"https:\/\/ceas.org.pe\/index.php\/wp-json\/wp\/v2\/posts\/1954\/revisions"}],"predecessor-version":[{"id":7266,"href":"https:\/\/ceas.org.pe\/index.php\/wp-json\/wp\/v2\/posts\/1954\/revisions\/7266"}],"wp:featuredmedia":[{"embeddable":true,"href":"https:\/\/ceas.org.pe\/index.php\/wp-json\/wp\/v2\/media\/7967"}],"wp:attachment":[{"href":"https:\/\/ceas.org.pe\/index.php\/wp-json\/wp\/v2\/media?parent=1954"}],"wp:term":[{"taxonomy":"category","embeddable":true,"href":"https:\/\/ceas.org.pe\/index.php\/wp-json\/wp\/v2\/categories?post=1954"},{"taxonomy":"post_tag","embeddable":true,"href":"https:\/\/ceas.org.pe\/index.php\/wp-json\/wp\/v2\/tags?post=1954"}],"curies":[{"name":"wp","href":"https:\/\/api.w.org\/{rel}","templated":true}]}}