{"id":1952,"date":"2014-09-04T10:35:08","date_gmt":"2014-09-04T10:35:08","guid":{"rendered":""},"modified":"2026-03-11T09:12:20","modified_gmt":"2026-03-11T14:12:20","slug":"agentes-pastorales-reflexionan-y-analizan-estrategias-de-transformacion-de-conflictos","status":"publish","type":"post","link":"https:\/\/ceas.org.pe\/index.php\/2014\/09\/04\/agentes-pastorales-reflexionan-y-analizan-estrategias-de-transformacion-de-conflictos\/","title":{"rendered":"Agentes pastorales reflexionan y analizan estrategias de Transformaci\u00f3n de Conflictos"},"content":{"rendered":"<p>Los conflictos afectan principalmente a la poblaci\u00f3n m\u00e1s vulnerable y m\u00e1s excluida del pa\u00eds, sector de la poblaci\u00f3n con el cual la Iglesia realiza su labor pastoral. Como Iglesia y desde su Doctrina Social se ha logrado motivar el involucramiento de los l\u00edderes sociales y agentes de pastoral, generando que ellos asuman iniciativas muy importantes en la sociedad local. CEAS ha estado presente en este contexto cumpliendo diferentes labores; apoyando a la Iglesia local en procesos de facilitaci\u00f3n o di\u00e1logo y fortalecimiento a las capacidades locales a trav\u00e9s de talleres.<\/p>\n<p class=\"MsoNormal\"><o:p><\/o:p><\/p>\n<p class=\"MsoNormal\">La situaci\u00f3n vivida nos ha llevado a la creaci\u00f3n de un Programa de Formaci\u00f3n Integral en\u00a0 Transformaci\u00f3n de Conflictos, cuyo objetivo es el de profundizar el conocimiento de los Agentes Pastorales para utilizar y desarrollar estrategias alternativas que fortalezcan los procesos de construcci\u00f3n de paz con justicia, cuidando la creaci\u00f3n.<\/p>\n<p class=\"MsoNormal\">El IV Taller \u201cPrograma de Formaci\u00f3n Integral en Transformaci\u00f3n de Conflictos\u201d, estar\u00e1 desarroll\u00e1ndose del 1\u00b0 al 4 de setiembre en la Casa de Retiro \u201cLa Acogida\u201d de la Congregaci\u00f3n de religiosas dominicas del Rosario y los temas previstos tienen que ver con los derechos humanos, la cultura de paz y las acciones pac\u00edficas no-violentas frente a los conflictos, inspiradas en la Doctrina Social de la Iglesia. De la misma manera, se trabajar\u00e1 el tema de la comunicaci\u00f3n, los medios y la incidencia en la opini\u00f3n p\u00fablica, lo mismo que se conocer\u00e1 sobre la normatividad, los recursos administrativos y las competencias de las entidades p\u00fablicas en la gesti\u00f3n de los conflictos. Vienen participando agentes pastorales de las jurisdicciones de Abancay, Ayacucho, Huancayo, Moyobamba, Chosica, Chulucanas, Huaraz, Huamachuco, Iquitos, Ja\u00e9n, Madre de Dios, San Jos\u00e9 del Amazonas, Sicuani y Yurimaguas.<o:p><\/o:p><\/p>\n<p><a href=\"http:\/\/web.hilo.org.pe\/wp-content\/uploads\/PRINCIPAL IV TALLER.jpg\" target=\"_blank\" rel=\"noopener\">Ver archivo adjunto<\/a><\/p>\n","protected":false},"excerpt":{"rendered":"<p>Los conflictos afectan principalmente a la poblaci?n m?s vulnerable y m?s excluida del pa?s, sector de la poblaci?n con el cual la Iglesia realiza su labor pastoral. Como Iglesia y desde su Doctrina Social se ha logrado motivar el involucramiento de los l?deres sociales y agentes de pastoral, generando que ellos asuman iniciativas muy importantes en la sociedad local. CEAS ha estado presente en este contexto cumpliendo diferentes labores; apoyando a la Iglesia local en procesos de facilitaci?n o di?logo y fortalecimiento a las capacidades locales a trav?s de talleres.<\/p>\n","protected":false},"author":1,"featured_media":7946,"comment_status":"closed","ping_status":"closed","sticky":false,"template":"","format":"standard","meta":{"footnotes":""},"categories":[9],"tags":[],"class_list":["post-1952","post","type-post","status-publish","format-standard","has-post-thumbnail","hentry","category-noticias"],"_links":{"self":[{"href":"https:\/\/ceas.org.pe\/index.php\/wp-json\/wp\/v2\/posts\/1952","targetHints":{"allow":["GET"]}}],"collection":[{"href":"https:\/\/ceas.org.pe\/index.php\/wp-json\/wp\/v2\/posts"}],"about":[{"href":"https:\/\/ceas.org.pe\/index.php\/wp-json\/wp\/v2\/types\/post"}],"author":[{"embeddable":true,"href":"https:\/\/ceas.org.pe\/index.php\/wp-json\/wp\/v2\/users\/1"}],"replies":[{"embeddable":true,"href":"https:\/\/ceas.org.pe\/index.php\/wp-json\/wp\/v2\/comments?post=1952"}],"version-history":[{"count":1,"href":"https:\/\/ceas.org.pe\/index.php\/wp-json\/wp\/v2\/posts\/1952\/revisions"}],"predecessor-version":[{"id":7262,"href":"https:\/\/ceas.org.pe\/index.php\/wp-json\/wp\/v2\/posts\/1952\/revisions\/7262"}],"wp:featuredmedia":[{"embeddable":true,"href":"https:\/\/ceas.org.pe\/index.php\/wp-json\/wp\/v2\/media\/7946"}],"wp:attachment":[{"href":"https:\/\/ceas.org.pe\/index.php\/wp-json\/wp\/v2\/media?parent=1952"}],"wp:term":[{"taxonomy":"category","embeddable":true,"href":"https:\/\/ceas.org.pe\/index.php\/wp-json\/wp\/v2\/categories?post=1952"},{"taxonomy":"post_tag","embeddable":true,"href":"https:\/\/ceas.org.pe\/index.php\/wp-json\/wp\/v2\/tags?post=1952"}],"curies":[{"name":"wp","href":"https:\/\/api.w.org\/{rel}","templated":true}]}}