{"id":1947,"date":"2014-08-29T09:33:52","date_gmt":"2014-08-29T09:33:52","guid":{"rendered":""},"modified":"2026-03-11T09:12:20","modified_gmt":"2026-03-11T14:12:20","slug":"nuestros-hermanos-en-gaza-anhelan-vivir-con-la-dignidad-de-hijos-de-dios","status":"publish","type":"post","link":"https:\/\/ceas.org.pe\/index.php\/2014\/08\/29\/nuestros-hermanos-en-gaza-anhelan-vivir-con-la-dignidad-de-hijos-de-dios\/","title":{"rendered":"Nuestros hermanos en Gaza anhelan vivir con la dignidad de hijos de Dios"},"content":{"rendered":"<p>\u00a0Los comunicadores cat\u00f3licos de Am\u00e9rica Latina y el Caribe, asociados en la Red de SIGNIS ALC, hicieron llegar a la redacci\u00f3n de NOTICELAM un mensaje que llama a la paz en la franja de Gaza.<\/p>\n<div>\u00a0<\/div>\n<div>\u00a0<\/div>\n<div>Compartimos el texto completo del mensaje:<\/div>\n<div>\u00a0<\/div>\n<div>Nuestros hermanos en Gaza anhelan vivir con la dignidad de hijos de Dios<\/div>\n<div>\u00a0<\/div>\n<div>\u00a0<\/div>\n<div>Jes\u00fas dijo: \u201cLes dejo la paz, les doy mi paz. La paz que Yo les doy no es<\/div>\n<div>\u00a0<\/div>\n<div>como la que da el mundo. Que no haya en ustedes angustia ni miedo\u201d.<\/div>\n<div>\u00a0<\/div>\n<div>(Juan 14:27)<\/div>\n<div>\u00a0<\/div>\n<div>Tras los ataques armados entre milicianos de Hamas y el ej\u00e9rcito de Israel, en la Franja de Gaza, contemplamos at\u00f3nitos y horrorizados el desangre del pueblo palestino. M\u00e1s de 9.000 viviendas destruidas y 130 escuelas bombardeadas, as\u00ed como 24 instalaciones m\u00e9dicas bombardeadas. Inclusive han sido atacadas las instalaciones de las Naciones Unidas, como la Oficina de Coordinaci\u00f3n de Asuntos Humanitarios en Gaza. Hasta el momento, la violencia deja m\u00e1s de 1.800 personas muertas, de las cuales 300 son ni\u00f1os. Casi 10.000 heridos y miles de refugiados. En Israel han muerto 3 civiles y 64 militares.<\/div>\n<div>\u00a0<\/div>\n<div>Hace casi un siglo, la zona geogr\u00e1fica que hoy llamamos Israel-Palestina, ha sido escenario de lucha y violencia m\u00e1s o menos continua entre los \u00e1rabes palestinos y los colonos jud\u00edos, respecto de los derechos a ocupar la tierra. Ambos grupos han buscado la afirmaci\u00f3n jur\u00eddica de sus derechos. Esto es el contexto de fondo de la guerra actual entre Hamas e Israel y es probable que contin\u00fae por largo tiempo. La posici\u00f3n de Israel parece bastante clara. Quiere<\/div>\n<div>\u00a0<\/div>\n<div>utilizar su fuerza militar para destruir Hamas, seg\u00fan Amos Yadlin, antes jefe de la inteligencia militar israel\u00ed. La posici\u00f3n de Hamas es igualmente clara. Su l\u00edder, Khaled Meshal, ha dicho que es posible una tregua s\u00f3lo si se levanta el bloqueo de ocho a\u00f1os, porque los habitantes de Gaza est\u00e1n viviendo una lenta muerte en la prisi\u00f3n m\u00e1s grande del mundo.<\/div>\n<div>\u00a0<\/div>\n<div>Los horrores de esta guerra y sus efectos claman al cielo. \u201cDeteneos por favor! \u00a1Os lo pido de todo coraz\u00f3n! \u00a1Es hora de detenerse\u201d!, ha invocado con angustia y dolor el papa Francisco, insistiendo en su llamado a poner fin a la guerra en Oriente Medio.\u00a0<\/div>\n<div>\u00a0<\/div>\n<div>Pero esta imploraci\u00f3n por la paz pareciera haber ca\u00eddo en \u201csaco roto\u201d. El 5 de agosto, la Alta Comisionada de Naciones Unidas para los Derechos Humanos, Navi Pillay, solicit\u00f3 a Israel que asuma sus responsabilidades por \u00ablas crecientes evidencias de cr\u00edmenes de guerra\u00bb en Gaza.<\/div>\n<div>\u00a0<\/div>\n<div>Sin embargo, el 6 de agosto, el primer ministro de Israel, Benjam\u00edn Netanyahu, ha calificado la operaci\u00f3n de \u00abjustificada\u00bb y \u00abproporcional\u00bb. Del lado palestino la respuesta violenta de Hamas, que tambi\u00e9n genera v\u00edctimas civiles (inocentes) del otro lado, contribuye a justificar la represalia de Israel y a que la espiral de violencia contin\u00fae. Conviene no olvidar que esta no es una guerra entre dos pueblos y muchos israel\u00edes y palestinos quieren la paz.<\/div>\n<div>\u00a0<\/div>\n<div>Como disc\u00edpulos misioneros de la comunicaci\u00f3n, promotores de una cultura de paz, expresamos nuestro dolor e indignaci\u00f3n por la violaci\u00f3n al derecho fundamental del pueblo palestino de vivir en paz. Por eso nos comprometemos a que la informaci\u00f3n sobre este conflicto guarde la objetividad y la imparcialidad necesaria para contribuir a oxigenar el tratamiento medi\u00e1tico del conflicto y evitando calificativos y prejuicios que solo contribuyen a enrarecer el clima en la opini\u00f3n p\u00fablica.<\/div>\n<div>\u00a0<\/div>\n<div>Vemos con esperanza la prolongaci\u00f3n de la tregua en la franja por cinco d\u00edas m\u00e1s. Sabemos que nuestros hermanos en Gaza (israelitas y palestinos) anhelan vivir con la dignidad de hijos de Dios.<\/div>\n<div>\u00a0<\/div>\n<div>Compartimos lo manifestado por Monse\u00f1or Michel Sabbah, patriarca em\u00e9rito de Jerusal\u00e9n de los Latinos, de que habr\u00e1 paz y seguridad \u00abs\u00f3lo cuando Israel reconozca la libertad y la soberan\u00eda del estado palestino\u00bb. A la vez, respaldamos el pedido realizado por la ONU y Amnist\u00eda Internacional para que se levante el bloqueo que sufre el pueblo palestino desde el a\u00f1o 2006, y la continuaci\u00f3n de las negociaciones hasta alcanzar una paz definitiva. Con el papa Francisco, creemos tambi\u00e9n que \u201clas armas y la represi\u00f3n violenta, m\u00e1s que aportar soluciones, crean nuevos y peores conflictos\u201d (EG, 60) y unimos nuestras oraciones por la paz en Palestina. En nombre de Nuestro Se\u00f1or, imploramos que cese la violencia.\u00a0<\/div>\n<div>\u00a0<\/div>\n<div>Que las v\u00edctimas inocentes en Gaza nos inspiren a seguir buscando juntos caminos de justicia, de paz y de entendimiento en el Medio Oriente y en otras regiones del mundo donde se impone una cultura de violencia y el poder de los m\u00e1s fuertes.<\/div>\n<div>\u00a0<\/div>\n<div>Quito, 15 de agosto 2014<\/div>\n<div>\u00a0<\/div>\n<div>\u00a0<\/div>\n<div>VIRGINIA BONARD<\/div>\n<div>FUENTE: Signis<\/div>\n<p><a href=\"http:\/\/web.hilo.org.pe\/wp-content\/uploads\/gaza.jpg\" target=\"_blank\" rel=\"noopener\">Ver archivo adjunto<\/a><\/p>\n","protected":false},"excerpt":{"rendered":"<p>Los comunicadores cat?licos de Am?rica Latina y el Caribe, asociados en la Red de SIGNIS ALC, hicieron llegar a la redacci?n de NOTICELAM un mensaje que llama a la paz en la franja de Gaza.<\/p>\n","protected":false},"author":1,"featured_media":7966,"comment_status":"closed","ping_status":"closed","sticky":false,"template":"","format":"standard","meta":{"footnotes":""},"categories":[9],"tags":[],"class_list":["post-1947","post","type-post","status-publish","format-standard","has-post-thumbnail","hentry","category-noticias"],"_links":{"self":[{"href":"https:\/\/ceas.org.pe\/index.php\/wp-json\/wp\/v2\/posts\/1947","targetHints":{"allow":["GET"]}}],"collection":[{"href":"https:\/\/ceas.org.pe\/index.php\/wp-json\/wp\/v2\/posts"}],"about":[{"href":"https:\/\/ceas.org.pe\/index.php\/wp-json\/wp\/v2\/types\/post"}],"author":[{"embeddable":true,"href":"https:\/\/ceas.org.pe\/index.php\/wp-json\/wp\/v2\/users\/1"}],"replies":[{"embeddable":true,"href":"https:\/\/ceas.org.pe\/index.php\/wp-json\/wp\/v2\/comments?post=1947"}],"version-history":[{"count":1,"href":"https:\/\/ceas.org.pe\/index.php\/wp-json\/wp\/v2\/posts\/1947\/revisions"}],"predecessor-version":[{"id":7271,"href":"https:\/\/ceas.org.pe\/index.php\/wp-json\/wp\/v2\/posts\/1947\/revisions\/7271"}],"wp:featuredmedia":[{"embeddable":true,"href":"https:\/\/ceas.org.pe\/index.php\/wp-json\/wp\/v2\/media\/7966"}],"wp:attachment":[{"href":"https:\/\/ceas.org.pe\/index.php\/wp-json\/wp\/v2\/media?parent=1947"}],"wp:term":[{"taxonomy":"category","embeddable":true,"href":"https:\/\/ceas.org.pe\/index.php\/wp-json\/wp\/v2\/categories?post=1947"},{"taxonomy":"post_tag","embeddable":true,"href":"https:\/\/ceas.org.pe\/index.php\/wp-json\/wp\/v2\/tags?post=1947"}],"curies":[{"name":"wp","href":"https:\/\/api.w.org\/{rel}","templated":true}]}}