{"id":1945,"date":"2014-08-28T09:11:32","date_gmt":"2014-08-28T09:11:32","guid":{"rendered":""},"modified":"2026-03-11T09:12:20","modified_gmt":"2026-03-11T14:12:20","slug":"presentado-el-partido-de-fotbol-en-programa-el-1-de-septiembre-en-el-estadio-olompico-de-roma-partid","status":"publish","type":"post","link":"https:\/\/ceas.org.pe\/index.php\/2014\/08\/28\/presentado-el-partido-de-fotbol-en-programa-el-1-de-septiembre-en-el-estadio-olompico-de-roma-partid\/","title":{"rendered":"Presentado el partido de f\u00f3tbol en programa el 1 de septiembre en el estadio Ol\u00f3mpico de Roma-Partid"},"content":{"rendered":"<p>\u00a0Es una \u00abulterior apuesta por la paz\u00bb, seg\u00fan el Papa Francisco, el partido interreligioso que se jugar\u00e1 el lunes 1 de septiembre a las 20.45 en el estadio Ol\u00edmpico de Roma. El deporte, y especialmente el f\u00fatbol por su popularidad, puede ser el factor que una el \u00abbinomio escuela-educaci\u00f3n que tanto interesa al Pont\u00edfice\u00bb. Quien traz\u00f3 el significado del encuentro amistoso de f\u00fatbol, querido por el Papa Francisco, fue monse\u00f1or Guillermo Javier Karcher, que intervino en la rueda de prensa de presentaci\u00f3n el lunes 25 de agosto, por la ma\u00f1ana, en la sede de Radio Vaticano. Existe, por lo tanto, \u00abla cultura de la paz, del encuentro, de la solidaridad, de la integraci\u00f3n, de la fraternidad\u00bb con la idea de que este partido, que quiere tambi\u00e9n hacer posible \u00abun intercambio de proyectos educativos\u00bb dirigidos a los ni\u00f1os m\u00e1s necesitados. Quien impuls\u00f3 la iniciativa es el ex jugador argentino Javier Zanetti. Lo recaudado ser\u00e1 destinado al proyecto: \u00abUna alternativa de vida\u00bb en favor de los ni\u00f1os. Organizan el encuentro las instituciones Scholas Occurrentes y Fondaci\u00f3n Pupi.<\/p>\n<p>Fuente: news.va<\/p>\n<p><a href=\"http:\/\/web.hilo.org.pe\/wp-content\/uploads\/papafutbol.jpg\" target=\"_blank\" rel=\"noopener\">Ver archivo adjunto<\/a><\/p>\n","protected":false},"excerpt":{"rendered":"<p>Es una ?ulterior apuesta por la paz?, seg?n el Papa Francisco, el partido interreligioso que se jugar? el lunes 1 de septiembre a las 20.45 en el estadio Ol?mpico de Roma. El deporte, y especialmente el f?tbol por su popularidad, puede ser el factor que una el ?binomio escuela-educaci?n que tanto interesa al Pont?fice?.<\/p>\n","protected":false},"author":1,"featured_media":7905,"comment_status":"closed","ping_status":"closed","sticky":false,"template":"","format":"standard","meta":{"footnotes":""},"categories":[9],"tags":[],"class_list":["post-1945","post","type-post","status-publish","format-standard","has-post-thumbnail","hentry","category-noticias"],"_links":{"self":[{"href":"https:\/\/ceas.org.pe\/index.php\/wp-json\/wp\/v2\/posts\/1945","targetHints":{"allow":["GET"]}}],"collection":[{"href":"https:\/\/ceas.org.pe\/index.php\/wp-json\/wp\/v2\/posts"}],"about":[{"href":"https:\/\/ceas.org.pe\/index.php\/wp-json\/wp\/v2\/types\/post"}],"author":[{"embeddable":true,"href":"https:\/\/ceas.org.pe\/index.php\/wp-json\/wp\/v2\/users\/1"}],"replies":[{"embeddable":true,"href":"https:\/\/ceas.org.pe\/index.php\/wp-json\/wp\/v2\/comments?post=1945"}],"version-history":[{"count":1,"href":"https:\/\/ceas.org.pe\/index.php\/wp-json\/wp\/v2\/posts\/1945\/revisions"}],"predecessor-version":[{"id":7273,"href":"https:\/\/ceas.org.pe\/index.php\/wp-json\/wp\/v2\/posts\/1945\/revisions\/7273"}],"wp:featuredmedia":[{"embeddable":true,"href":"https:\/\/ceas.org.pe\/index.php\/wp-json\/wp\/v2\/media\/7905"}],"wp:attachment":[{"href":"https:\/\/ceas.org.pe\/index.php\/wp-json\/wp\/v2\/media?parent=1945"}],"wp:term":[{"taxonomy":"category","embeddable":true,"href":"https:\/\/ceas.org.pe\/index.php\/wp-json\/wp\/v2\/categories?post=1945"},{"taxonomy":"post_tag","embeddable":true,"href":"https:\/\/ceas.org.pe\/index.php\/wp-json\/wp\/v2\/tags?post=1945"}],"curies":[{"name":"wp","href":"https:\/\/api.w.org\/{rel}","templated":true}]}}