{"id":1944,"date":"2014-08-27T11:09:29","date_gmt":"2014-08-27T11:09:29","guid":{"rendered":""},"modified":"2026-03-11T09:12:20","modified_gmt":"2026-03-11T14:12:20","slug":"comunicado-de-los-obispos-del-pero-por-motivo-de-las-proximas-elecciones-regionales-y-municipales-2","status":"publish","type":"post","link":"https:\/\/ceas.org.pe\/index.php\/2014\/08\/27\/comunicado-de-los-obispos-del-pero-por-motivo-de-las-proximas-elecciones-regionales-y-municipales-2\/","title":{"rendered":"Comunicado de los Obispos del Per\u00f3 por motivo de las pr\u00f3ximas elecciones regionales y municipales"},"content":{"rendered":"<p><span style=\"color: rgb(85, 85, 85);\">Los Obispos del Per\u00fa se\u00f1alan que este proceso electoral \u201ces clave y decisivo para consolidar la institucionalidad que permita una democracia madura y sostenible\u201d, pero a pesar de ello, \u201cse percibe una desconfianza e insatisfacci\u00f3n ante algunos pol\u00edticos y frente a la pol\u00edtica en general\u201d.\u00a0<\/span><\/p>\n<p class=\"MsoNormal\" style=\"background-image: initial; background-attachment: initial; background-size: initial; background-origin: initial; background-clip: initial; background-position: initial; background-repeat: initial;\"><span style=\"mso-fareast-font-family:\n\"Times New Roman\";mso-bidi-font-family:Arial;color:#555555;mso-fareast-language:\nES-PE\">\u201cNos preocupa seriamente el escenario electoral en un contexto social con graves signos de corrupci\u00f3n, expresado en el alto n\u00famero de candidatos cuyos antecedentes morales han dado lugar incluso a denuncias y sentencias penales. Mayor preocupaci\u00f3n a\u00fan genera el intento de sectores vinculados al narcotr\u00e1fico, la miner\u00eda ilegal, el contrabando, la trata de personas y otras actividades ilegales por colocar a gente muy ligada a ellos como autoridades locales, provinciales y regionales. Es inaceptable que se haya llegado al extremo de la eliminaci\u00f3n f\u00edsica de los adversarios pol\u00edticos\u201d, dice el comunicado.<o:p><\/o:p><\/span><\/p>\n<p class=\"MsoNormal\" style=\"background-image: initial; background-attachment: initial; background-size: initial; background-origin: initial; background-clip: initial; background-position: initial; background-repeat: initial;\"><span style=\"mso-fareast-font-family:\n\"Times New Roman\";mso-bidi-font-family:Arial;color:#555555;mso-fareast-language:\nES-PE\">Ante ello, los Obispos piden a todos los ciudadanos que mediante el voto \u201cexpresen qu\u00e9 tipo de representantes queremos, y sancionar (neg\u00e1ndoles nuestro voto) a quienes defraudaron nuestras expectativas, ya sea porque no cumplieron lo ofrecido, porque demostraron ser corruptos, o porque solamente se preocuparon por sus propios intereses\u201d.<o:p><\/o:p><\/span><\/p>\n<p class=\"MsoNormal\" style=\"background-image: initial; background-attachment: initial; background-size: initial; background-origin: initial; background-clip: initial; background-position: initial; background-repeat: initial;\"><span style=\"mso-fareast-font-family:\n\"Times New Roman\";mso-bidi-font-family:Arial;color:#555555;mso-fareast-language:\nES-PE\">Los Obispos tambi\u00e9n exhortan a la poblaci\u00f3n a conocer bien a los candidatos, su trayectoria de vida y su equipo de trabajo. \u201cSe espera que estos sean transparentes, honrados y aut\u00e9nticos. La hoja de vida de los candidatos, de car\u00e1cter p\u00fablico, es un documento muy \u00fatil para conocerlos\u201d.\u00a0<o:p><\/o:p><\/span><\/p>\n<p class=\"MsoNormal\" style=\"background-image: initial; background-attachment: initial; background-size: initial; background-origin: initial; background-clip: initial; background-position: initial; background-repeat: initial;\"><span style=\"mso-fareast-font-family:\n\"Times New Roman\";mso-bidi-font-family:Arial;color:#555555;mso-fareast-language:\nES-PE\">Tambi\u00e9n piden a los electores a conocer bien su plan de gobierno, verificando si sus propuestas responden a las reales necesidades de la poblaci\u00f3n y se ajustan a los planes de desarrollo municipal y regional que se han elaborado con anterioridad.<o:p><\/o:p><\/span><\/p>\n<p><a href=\"http:\/\/web.hilo.org.pe\/wp-content\/uploads\/comunicado1.jpg\" target=\"_blank\" rel=\"noopener\">Ver archivo adjunto<\/a><\/p>\n","protected":false},"excerpt":{"rendered":"<p>Los Obispos del Per? se?alan que este proceso electoral ?es clave y decisivo para consolidar la institucionalidad que permita una democracia madura y sostenible?, pero a pesar de ello, ?se percibe una desconfianza e insatisfacci?n ante algunos pol?ticos y frente a la pol?tica en general?.<\/p>\n","protected":false},"author":1,"featured_media":7854,"comment_status":"closed","ping_status":"closed","sticky":false,"template":"","format":"standard","meta":{"footnotes":""},"categories":[9],"tags":[],"class_list":["post-1944","post","type-post","status-publish","format-standard","has-post-thumbnail","hentry","category-noticias"],"_links":{"self":[{"href":"https:\/\/ceas.org.pe\/index.php\/wp-json\/wp\/v2\/posts\/1944","targetHints":{"allow":["GET"]}}],"collection":[{"href":"https:\/\/ceas.org.pe\/index.php\/wp-json\/wp\/v2\/posts"}],"about":[{"href":"https:\/\/ceas.org.pe\/index.php\/wp-json\/wp\/v2\/types\/post"}],"author":[{"embeddable":true,"href":"https:\/\/ceas.org.pe\/index.php\/wp-json\/wp\/v2\/users\/1"}],"replies":[{"embeddable":true,"href":"https:\/\/ceas.org.pe\/index.php\/wp-json\/wp\/v2\/comments?post=1944"}],"version-history":[{"count":1,"href":"https:\/\/ceas.org.pe\/index.php\/wp-json\/wp\/v2\/posts\/1944\/revisions"}],"predecessor-version":[{"id":7274,"href":"https:\/\/ceas.org.pe\/index.php\/wp-json\/wp\/v2\/posts\/1944\/revisions\/7274"}],"wp:featuredmedia":[{"embeddable":true,"href":"https:\/\/ceas.org.pe\/index.php\/wp-json\/wp\/v2\/media\/7854"}],"wp:attachment":[{"href":"https:\/\/ceas.org.pe\/index.php\/wp-json\/wp\/v2\/media?parent=1944"}],"wp:term":[{"taxonomy":"category","embeddable":true,"href":"https:\/\/ceas.org.pe\/index.php\/wp-json\/wp\/v2\/categories?post=1944"},{"taxonomy":"post_tag","embeddable":true,"href":"https:\/\/ceas.org.pe\/index.php\/wp-json\/wp\/v2\/tags?post=1944"}],"curies":[{"name":"wp","href":"https:\/\/api.w.org\/{rel}","templated":true}]}}