{"id":1938,"date":"2014-08-25T09:26:10","date_gmt":"2014-08-25T09:26:10","guid":{"rendered":""},"modified":"2026-03-11T09:12:20","modified_gmt":"2026-03-11T14:12:20","slug":"arequipa-profesores-de-odec-recibieron-charla-sobre-evangelii-gaudium","status":"publish","type":"post","link":"https:\/\/ceas.org.pe\/index.php\/2014\/08\/25\/arequipa-profesores-de-odec-recibieron-charla-sobre-evangelii-gaudium\/","title":{"rendered":"Arequipa: profesores de ODEC recibieron charla sobre Evangelii Gaudium"},"content":{"rendered":"<div>Los docentes de Religi\u00f3n de la Arquidi\u00f3cesis de Arequipa recibieron una charla dictada por su Arzobispo, Monse\u00f1or Javier Del R\u00edo Alba, en el local de la Oficina Diocesana de Educaci\u00f3n Cat\u00f3lica \u2013 ODEC, dentro del marco de formaci\u00f3n docente que se da a los profesores. Durante la charla se toc\u00f3 el estudio de la Carta Apost\u00f3lica Evangelii Gaudium.\u00a0<\/div>\n<div>\u00a0<\/div>\n<div>Al dirigirse a los docentes Monse\u00f1or Del R\u00edo precis\u00f3 que \u201cno se trata de crear una mara\u00f1a de doctrina, por que hacemos el curso de religi\u00f3n complicad\u00edsimo al alumno, si uno termina el colegio termina estudiando el curso que le ha gustado, ustedes son fundamentales porque muchos de ellos no van a la Iglesia y ustedes son el contacto entre los alumnos y Jesucristo\u201d, acot\u00f3.<\/div>\n<div>\u00a0<\/div>\n<div>Por su parte la Directora de la ODEC Arequipa, Isela Cruz dijo que el Arzobispo tuvo un gran detalle al darse el esfuerzo para visitar a los profesores de educaci\u00f3n religiosa que se encuentran en esta oficina que tiene m\u00e1s de 25 a\u00f1os.<\/div>\n<div>\u00a0<\/div>\n<div>La Oficina Diocesana de Educaci\u00f3n Cat\u00f3lica \u2013 ODEC es una instituci\u00f3n creada por el Arzobispado de Arequipa para programar, organizar, supervisar y evaluar el desarrollo de la Educaci\u00f3n Religiosa en la Arquidi\u00f3cesis de Arequipa, conforme con el magisterio de la Iglesia, la pastoral Arquidiocesana y la educaci\u00f3n peruana.<\/div>\n<div>\u00a0<\/div>\n<div>(Fuente: CEP)<\/div>\n<p><a href=\"http:\/\/web.hilo.org.pe\/wp-content\/uploads\/profesores.jpg\" target=\"_blank\" rel=\"noopener\">Ver archivo adjunto<\/a><\/p>\n","protected":false},"excerpt":{"rendered":"<p>Los docentes de Religi?n de la Arquidi?cesis de Arequipa recibieron una charla dictada por su Arzobispo, Monse?or Javier Del R?o Alba, en el local de la Oficina Diocesana de Educaci?n Cat?lica ? ODEC, dentro del marco de formaci?n docente que se da a los profesores. Durante la charla se toc? el estudio de la Carta Apost?lica Evangelii Gaudium.<\/p>\n","protected":false},"author":1,"featured_media":7943,"comment_status":"closed","ping_status":"closed","sticky":false,"template":"","format":"standard","meta":{"footnotes":""},"categories":[9],"tags":[],"class_list":["post-1938","post","type-post","status-publish","format-standard","has-post-thumbnail","hentry","category-noticias"],"_links":{"self":[{"href":"https:\/\/ceas.org.pe\/index.php\/wp-json\/wp\/v2\/posts\/1938","targetHints":{"allow":["GET"]}}],"collection":[{"href":"https:\/\/ceas.org.pe\/index.php\/wp-json\/wp\/v2\/posts"}],"about":[{"href":"https:\/\/ceas.org.pe\/index.php\/wp-json\/wp\/v2\/types\/post"}],"author":[{"embeddable":true,"href":"https:\/\/ceas.org.pe\/index.php\/wp-json\/wp\/v2\/users\/1"}],"replies":[{"embeddable":true,"href":"https:\/\/ceas.org.pe\/index.php\/wp-json\/wp\/v2\/comments?post=1938"}],"version-history":[{"count":1,"href":"https:\/\/ceas.org.pe\/index.php\/wp-json\/wp\/v2\/posts\/1938\/revisions"}],"predecessor-version":[{"id":7280,"href":"https:\/\/ceas.org.pe\/index.php\/wp-json\/wp\/v2\/posts\/1938\/revisions\/7280"}],"wp:featuredmedia":[{"embeddable":true,"href":"https:\/\/ceas.org.pe\/index.php\/wp-json\/wp\/v2\/media\/7943"}],"wp:attachment":[{"href":"https:\/\/ceas.org.pe\/index.php\/wp-json\/wp\/v2\/media?parent=1938"}],"wp:term":[{"taxonomy":"category","embeddable":true,"href":"https:\/\/ceas.org.pe\/index.php\/wp-json\/wp\/v2\/categories?post=1938"},{"taxonomy":"post_tag","embeddable":true,"href":"https:\/\/ceas.org.pe\/index.php\/wp-json\/wp\/v2\/tags?post=1938"}],"curies":[{"name":"wp","href":"https:\/\/api.w.org\/{rel}","templated":true}]}}