{"id":1936,"date":"2014-08-22T09:27:58","date_gmt":"2014-08-22T09:27:58","guid":{"rendered":""},"modified":"2026-03-11T09:12:20","modified_gmt":"2026-03-11T14:12:20","slug":"congreso-de-la-repoblica-envoa-mocion-de-saludo-enviado-a-los-obispos","status":"publish","type":"post","link":"https:\/\/ceas.org.pe\/index.php\/2014\/08\/22\/congreso-de-la-repoblica-envoa-mocion-de-saludo-enviado-a-los-obispos\/","title":{"rendered":"Congreso de la Rep\u00f3blica env\u00f3a moci\u00f3n de saludo enviado a los Obispos"},"content":{"rendered":"<p>\u00a0El Congreso de la Rep\u00fablica del Per\u00fa envi\u00f3 una moci\u00f3n de saludo a los Obispos del Per\u00fa, que esta semana est\u00e1n reunidos en la 104\u00aa Asamblea Plenaria del Episcopado Peruano, en la sede de la Conferencia Episcopal Peruana, en Jes\u00fas Mar\u00eda<\/p>\n<div>\u00a0<\/div>\n<div>El saludo fue enviado por el Congresista Julio Rosas Huaranga y est\u00e1 firmado por 15 congresistas. En esta misiva, los representantes del Poder Legislativo destacan la importancia de la Iglesia Cat\u00f3lica en el Per\u00fa, que \u201ccontribuye con la Naci\u00f3n mediante una importante obra educativa y de formaci\u00f3n moral a trav\u00e9s de una diversidad de centros educativos y universidades cat\u00f3licas\u201d.<\/div>\n<div>\u00a0<\/div>\n<div>Tambi\u00e9n destacan la atenci\u00f3n social que brinda la Iglesia Cat\u00f3lica a los sectores sociales m\u00e1s necesitados, afectados por la pobreza extrema y falta de recursos, brindando \u201ccaritativa atenci\u00f3n en un sinn\u00famero de servicios de alimentaci\u00f3n gratuita y centros de salud\u201d.<\/div>\n<div>\u00a0<\/div>\n<div>Por ello, los congresistas a\u00f1aden: \u201ces menester que desde el Congreso de la Rep\u00fablica se valore este hecho tan significativo y de ben\u00e9ficas consecuencias para nuestro pueblo\u201d.<\/div>\n<div>\u00a0<\/div>\n<div>El saludo enviado desde el Congreso de la Rep\u00fablica fue le\u00eddo durante las sesiones de los Obispos por Monse\u00f1or Salvador Pi\u00f1eiro, Arzobispo de Ayacucho y Presidente de la Conferencia Episcopal Peruana, quien junto a sus hermanos Obispos agradeci\u00f3 el gesto significativo del Poder Legislativo en reconocer la labor de la Iglesia Cat\u00f3lica en el Per\u00fa.<\/div>\n<div>\u00a0<\/div>\n<div>(Fuente: CEP)<\/div>\n<p><a href=\"http:\/\/web.hilo.org.pe\/wp-content\/uploads\/congreso.jpg\" target=\"_blank\" rel=\"noopener\">Ver archivo adjunto<\/a><\/p>\n","protected":false},"excerpt":{"rendered":"<p>El Congreso de la Rep?blica del Per? envi? una moci?n de saludo a los Obispos del Per?, que esta semana est?n reunidos en la 104? Asamblea Plenaria del Episcopado Peruano, en la sede de la Conferencia Episcopal Peruana, en Jes?s Mar?a<\/p>\n","protected":false},"author":1,"featured_media":7854,"comment_status":"closed","ping_status":"closed","sticky":false,"template":"","format":"standard","meta":{"footnotes":""},"categories":[9],"tags":[],"class_list":["post-1936","post","type-post","status-publish","format-standard","has-post-thumbnail","hentry","category-noticias"],"_links":{"self":[{"href":"https:\/\/ceas.org.pe\/index.php\/wp-json\/wp\/v2\/posts\/1936","targetHints":{"allow":["GET"]}}],"collection":[{"href":"https:\/\/ceas.org.pe\/index.php\/wp-json\/wp\/v2\/posts"}],"about":[{"href":"https:\/\/ceas.org.pe\/index.php\/wp-json\/wp\/v2\/types\/post"}],"author":[{"embeddable":true,"href":"https:\/\/ceas.org.pe\/index.php\/wp-json\/wp\/v2\/users\/1"}],"replies":[{"embeddable":true,"href":"https:\/\/ceas.org.pe\/index.php\/wp-json\/wp\/v2\/comments?post=1936"}],"version-history":[{"count":1,"href":"https:\/\/ceas.org.pe\/index.php\/wp-json\/wp\/v2\/posts\/1936\/revisions"}],"predecessor-version":[{"id":7282,"href":"https:\/\/ceas.org.pe\/index.php\/wp-json\/wp\/v2\/posts\/1936\/revisions\/7282"}],"wp:featuredmedia":[{"embeddable":true,"href":"https:\/\/ceas.org.pe\/index.php\/wp-json\/wp\/v2\/media\/7854"}],"wp:attachment":[{"href":"https:\/\/ceas.org.pe\/index.php\/wp-json\/wp\/v2\/media?parent=1936"}],"wp:term":[{"taxonomy":"category","embeddable":true,"href":"https:\/\/ceas.org.pe\/index.php\/wp-json\/wp\/v2\/categories?post=1936"},{"taxonomy":"post_tag","embeddable":true,"href":"https:\/\/ceas.org.pe\/index.php\/wp-json\/wp\/v2\/tags?post=1936"}],"curies":[{"name":"wp","href":"https:\/\/api.w.org\/{rel}","templated":true}]}}