{"id":1935,"date":"2014-08-22T09:26:27","date_gmt":"2014-08-22T09:26:27","guid":{"rendered":""},"modified":"2026-03-11T09:12:20","modified_gmt":"2026-03-11T14:12:20","slug":"internacional-sostiene-a-caritas-de-irak","status":"publish","type":"post","link":"https:\/\/ceas.org.pe\/index.php\/2014\/08\/22\/internacional-sostiene-a-caritas-de-irak\/","title":{"rendered":"Internacional sostiene a Caritas de Irak"},"content":{"rendered":"<p>\u00a0(RV).- La Caritas Internacional da pleno \u201csost\u00e9n y solidaridad a la Iglesia de Irak, como a los operadores de la Caritas local y a todas las congregaciones religiosas y a las otras organizaciones que ofrecen una ayuda concreta a la comunidades\u201d perseguidas en el pa\u00eds por las milicias del ISIS, \u201cpara aliviar sus sufrimientos, procurar alimento y techo o curarlos de los traumas que est\u00e1n sufriendo\u201d. Es cuanto se lee en una carta enviada por el presidente de la organizaci\u00f3n, el card. Rodriguez Maradiaga, al Patriarca de Babilonia de los Caldeos, mons. Louis Raphael Sako, y al presidente de la Caritas irakena mons. Shleimon Warduni.<\/p>\n<p>La carta expresa profunda preocupaci\u00f3n por la suerte de los cristianos, los Yazid\u00edes y otras minor\u00edas obligadas a huir de la ferocidad jihadista, y tambi\u00e9n por las \u201cconsecuencias que esta onda de violencia podr\u00eda tener sobre el di\u00e1logo entre el islam y el cristianismo y sobre la coexistencia pac\u00edfica deseada y apreciada por la mayor\u00eda de los musulmanes y los cristianos en Medio Oriente y en todo el mundo\u201d. La carta elogia \u201cel coraje y la firmeza demostrada por la Iglesia de Irak y todas las personas de buena voluntad frente a estos cr\u00edmenes contra la humanidad\u201d.<\/p>\n<div>Recordando las palabras de Papa Francisco, \u201cla violencia no se vence con la violencia, sino con la paz\u201d, el card. Maradiaga se dirige directamente a los militantes del ISIS para que detengan su atrocidad y trabajen para la construcci\u00f3n de sociedades \u201cen las cuales todos los seres humanos, que pertenezcan a comunidades minoritarias o no, puedan vivir en paz\u201d.<\/div>\n<div>Finalmente hace un llamado a los l\u00edderes mundiales a fin de que sea garantizada la seguridad de las personas involucradas, sea devuelto el estado de derecho y se interrumpa el suministro de armas a los que cometen estos cr\u00edmenes contra la vida y la dignidad humana.<\/div>\n<div>\u00a0<\/div>\n<div>Fuente: news.va<\/div>\n<p><a href=\"http:\/\/web.hilo.org.pe\/wp-content\/uploads\/caritas.JPG\" target=\"_blank\" rel=\"noopener\">Ver archivo adjunto<\/a><\/p>\n","protected":false},"excerpt":{"rendered":"<p>(RV).- La Caritas Internacional da pleno ?sost?n y solidaridad a la Iglesia de Irak, como a los operadores de la Caritas local y a todas las congregaciones religiosas y a las otras organizaciones que ofrecen una ayuda concreta a la comunidades? perseguidas en el pa?s por las milicias del ISIS, ?para aliviar sus sufrimientos, procurar alimento y techo o curarlos de los traumas que est?n sufriendo?. Es cuanto se lee en una carta enviada por el presidente de la organizaci?n, el card. Rodriguez Maradiaga, al Patriarca de Babilonia de los Caldeos, mons. Louis Raphael Sako, y al presidente de la Caritas irakena mons. Shleimon Warduni.<\/p>\n","protected":false},"author":1,"featured_media":7878,"comment_status":"closed","ping_status":"closed","sticky":false,"template":"","format":"standard","meta":{"footnotes":""},"categories":[9],"tags":[],"class_list":["post-1935","post","type-post","status-publish","format-standard","has-post-thumbnail","hentry","category-noticias"],"_links":{"self":[{"href":"https:\/\/ceas.org.pe\/index.php\/wp-json\/wp\/v2\/posts\/1935","targetHints":{"allow":["GET"]}}],"collection":[{"href":"https:\/\/ceas.org.pe\/index.php\/wp-json\/wp\/v2\/posts"}],"about":[{"href":"https:\/\/ceas.org.pe\/index.php\/wp-json\/wp\/v2\/types\/post"}],"author":[{"embeddable":true,"href":"https:\/\/ceas.org.pe\/index.php\/wp-json\/wp\/v2\/users\/1"}],"replies":[{"embeddable":true,"href":"https:\/\/ceas.org.pe\/index.php\/wp-json\/wp\/v2\/comments?post=1935"}],"version-history":[{"count":1,"href":"https:\/\/ceas.org.pe\/index.php\/wp-json\/wp\/v2\/posts\/1935\/revisions"}],"predecessor-version":[{"id":7283,"href":"https:\/\/ceas.org.pe\/index.php\/wp-json\/wp\/v2\/posts\/1935\/revisions\/7283"}],"wp:featuredmedia":[{"embeddable":true,"href":"https:\/\/ceas.org.pe\/index.php\/wp-json\/wp\/v2\/media\/7878"}],"wp:attachment":[{"href":"https:\/\/ceas.org.pe\/index.php\/wp-json\/wp\/v2\/media?parent=1935"}],"wp:term":[{"taxonomy":"category","embeddable":true,"href":"https:\/\/ceas.org.pe\/index.php\/wp-json\/wp\/v2\/categories?post=1935"},{"taxonomy":"post_tag","embeddable":true,"href":"https:\/\/ceas.org.pe\/index.php\/wp-json\/wp\/v2\/tags?post=1935"}],"curies":[{"name":"wp","href":"https:\/\/api.w.org\/{rel}","templated":true}]}}