{"id":1932,"date":"2014-08-20T09:10:56","date_gmt":"2014-08-20T09:10:56","guid":{"rendered":""},"modified":"2026-03-11T09:12:20","modified_gmt":"2026-03-11T14:12:20","slug":"104-asamblea-del-episcopado-peruano-del-19-al-22-de-agosto","status":"publish","type":"post","link":"https:\/\/ceas.org.pe\/index.php\/2014\/08\/20\/104-asamblea-del-episcopado-peruano-del-19-al-22-de-agosto\/","title":{"rendered":"104 Asamblea del Episcopado Peruano del 19 al 22 de agosto"},"content":{"rendered":"<p>\u00a0Ayer martes 19 de agosto se celebr\u00f3 en la Parroquia San Antonio de Padua, en Jes\u00fas Mar\u00eda, la Santa Misa con motivo del inicio de la 104\u00aa Asamblea de los Obispos del Per\u00fa. La Eucarist\u00eda fue concelebrada por el Cardenal Juan Luis Cipriani, Arzobispo de Lima y por Monse\u00f1or Salvador Pi\u00f1eiro, Arzobispo de Ayacucho y Presidente de la Conferencia Episcopal Peruana. La Asamblea culminar\u00e1 el viernes 22 de agosto.\u00a0<\/p>\n<p><a href=\"http:\/\/web.hilo.org.pe\/wp-content\/uploads\/inauguracion.jpg\" target=\"_blank\" rel=\"noopener\">Ver archivo adjunto<\/a><\/p>\n","protected":false},"excerpt":{"rendered":"<p>Ayer martes 19 de agosto se celebr? en la Parroquia San Antonio de Padua, en Jes?s Mar?a, la Santa Misa con motivo del inicio de la 104? Asamblea de los Obispos del Per?. La Eucarist?a fue concelebrada por el Cardenal Juan Luis Cipriani, Arzobispo de Lima y por Monse?or Salvador Pi?eiro, Arzobispo de Ayacucho y Presidente de la Conferencia Episcopal Peruana. La Asamblea culminar? el viernes 22 de agosto.<\/p>\n","protected":false},"author":1,"featured_media":1232,"comment_status":"closed","ping_status":"closed","sticky":false,"template":"","format":"standard","meta":{"footnotes":""},"categories":[9],"tags":[],"class_list":["post-1932","post","type-post","status-publish","format-standard","has-post-thumbnail","hentry","category-noticias"],"_links":{"self":[{"href":"https:\/\/ceas.org.pe\/index.php\/wp-json\/wp\/v2\/posts\/1932","targetHints":{"allow":["GET"]}}],"collection":[{"href":"https:\/\/ceas.org.pe\/index.php\/wp-json\/wp\/v2\/posts"}],"about":[{"href":"https:\/\/ceas.org.pe\/index.php\/wp-json\/wp\/v2\/types\/post"}],"author":[{"embeddable":true,"href":"https:\/\/ceas.org.pe\/index.php\/wp-json\/wp\/v2\/users\/1"}],"replies":[{"embeddable":true,"href":"https:\/\/ceas.org.pe\/index.php\/wp-json\/wp\/v2\/comments?post=1932"}],"version-history":[{"count":1,"href":"https:\/\/ceas.org.pe\/index.php\/wp-json\/wp\/v2\/posts\/1932\/revisions"}],"predecessor-version":[{"id":7286,"href":"https:\/\/ceas.org.pe\/index.php\/wp-json\/wp\/v2\/posts\/1932\/revisions\/7286"}],"wp:featuredmedia":[{"embeddable":true,"href":"https:\/\/ceas.org.pe\/index.php\/wp-json\/wp\/v2\/media\/1232"}],"wp:attachment":[{"href":"https:\/\/ceas.org.pe\/index.php\/wp-json\/wp\/v2\/media?parent=1932"}],"wp:term":[{"taxonomy":"category","embeddable":true,"href":"https:\/\/ceas.org.pe\/index.php\/wp-json\/wp\/v2\/categories?post=1932"},{"taxonomy":"post_tag","embeddable":true,"href":"https:\/\/ceas.org.pe\/index.php\/wp-json\/wp\/v2\/tags?post=1932"}],"curies":[{"name":"wp","href":"https:\/\/api.w.org\/{rel}","templated":true}]}}