{"id":1930,"date":"2014-08-19T09:26:47","date_gmt":"2014-08-19T09:26:47","guid":{"rendered":""},"modified":"2026-03-11T09:12:20","modified_gmt":"2026-03-11T14:12:20","slug":"jaen-nuevo-obispo-para-la-iglesia-en-el-pero","status":"publish","type":"post","link":"https:\/\/ceas.org.pe\/index.php\/2014\/08\/19\/jaen-nuevo-obispo-para-la-iglesia-en-el-pero\/","title":{"rendered":"Jaen: nuevo obispo para la Iglesia en el Per\u00f3"},"content":{"rendered":"<p>\u00a0Ja\u00e9n (OC).-En medio de una fiesta religiosa, se desarroll\u00f3 la misa de ordenaci\u00f3n del nuevo obispo del Vicariato Apost\u00f3lico \u201cSan Francisco Javier\u201d, Mons. Alfredo Vizcarra Mori S.J, acompa\u00f1ado de familiares, amigos, sacerdotes, religiosos, religiosas, fieles en general y obispos. La celebraci\u00f3n comenz\u00f3 alrededor de las 6: 30 pm y se prolong\u00f3 hasta las 8: 30 pm, en el Colegio San Luis Gonzaga de Ja\u00e9n.<\/p>\n<div>\u00a0\u00a0<\/div>\n<div>\u00a0Mons. Pedro Barreto Jimeno S.J, Arzobispo Metropolitano de Huancayo, presidi\u00f3 la celebraci\u00f3n, Mons. Henry Coudray S.J, Obispo Vicario Apost\u00f3lico de Mongo (Chad \u2013 \u00c1frica), y Mons. Santiago M. Garc\u00eda de la Rasilla Dom\u00ednguez S.J, Obispo saliente del Vicariato, concelebraron; acompa\u00f1aron tambi\u00e9n Mons. Salvador Jos\u00e9 Miguel Pi\u00f1eiro Garc\u00eda-Calder\u00f3n, Arzobispo de Ayacucho y Presidente de la Conferencia Episcopal Peruana (CEP); Mons. \u00c1ngel Francisco Sim\u00f3n Piorno, Obispo de Chimbote; Mons. Luis Bambar\u00e9n Gastelumendi S.J, Obispo Em\u00e9rito de Chimbote; Mons: Gerardo Cerd\u00edn, Obispo Vicario Apost\u00f3lico de San Ram\u00f3n.<\/div>\n<div>\u00a0 \u00a0<\/div>\n<div>Estuvieron tambi\u00e9n, Mons. Emiliano A. Cisneros Mart\u00ednez, Obispo de la Di\u00f3cesis de Chachapoyas; Mons. Jes\u00fas Molin\u00e9 Labarta, Obispo de la Di\u00f3cesis de Chiclayo; Mons. Rafael Escudero L\u00f3pez-Brea, Obispo de la Prelatura de Moyobamba; Mons. Antonio Santarsiero Rosa, Obispo de Huacho; Mons. Daniel Turley, Obispo de la Di\u00f3cesis de Chulucanas; Mons. H\u00e9ctor Miguel Cabrejos, Arzobispo de Trujillo y Mons. Fortunato Pablo Urcey, Obispo de la Prelatura de Chota.<\/div>\n<div>\u00a0 \u00a0\u00a0<\/div>\n<div><a href=\"https:\/\/www.facebook.com\/media\/set\/?set=a.556389024472692.1073741867.190610181050580&#038;type=1\" target=\"_blank\">[FOTOS]Revisa aqu\u00ed todas las fotos de la ordenaci\u00f3n de Mons. Alfredo Vizcarra.<\/a><\/div>\n<div>\u00a0 \u00a0<\/div>\n<div><strong>\u00abDios es tu fortaleza\u00bb<\/strong><\/div>\n<div>\u00a0<\/div>\n<div>Durante su mensaje, Mons. Pedro Barreto, le dijo al reci\u00e9n ordenado Mons. Alfredo, \u201chermano en el episcopado yo te digo, vas a sufrir y mucho, como Jes\u00fas; experimentar\u00e1s tu fragilidad y al mismo tiempo la fortaleza de la gracia de Dios contigo, como Mar\u00eda; vivir\u00e1s permanentemente la Pascua, el paso de Jes\u00fas en tu vida, con su pasi\u00f3n, muerte y resurrecci\u00f3n. Experimentar\u00e1s una profunda soledad evang\u00e9lica, pero siempre tendr\u00e1s el consuelo de la presencia cercana y constante y amorosa de Jes\u00fas\u201d.<\/div>\n<div>\u00a0\u00a0<\/div>\n<div>\u201cMant\u00e9n viva la esperanza, una esperanza que no defrauda, recuerda que eres el Pastor que da la vida por sus ovejas como Jes\u00fas, que las cuida, las acompa\u00f1a, las conoce y las ama; por la gracia de Dios que recibir\u00e1s, ser\u00e1s el Pastor sol\u00edcito, alegre en el servicio, decidido y prudente en las decisiones que debes asumir. Libre para expresar y vivir lo que te inspire el Esp\u00edritu Santo; puedo asegurarte que no estar\u00e1s s\u00f3lo, Dios es tu fortaleza, conf\u00eda en \u00c9l que te ha escogido no por tus m\u00e9ritos y cualidades personales, que las tienes, sino por pura gracia de Dios; pero tambi\u00e9n tus hermanos y compa\u00f1eros obispos, te acogemos con cari\u00f1o y esperanza, un buen n\u00famero hemos venido para decirte que no caminar\u00e1s s\u00f3lo. Encontrar\u00e1s el decidido apoyo de tus principales colaboradores los sacerdotes diocesanos y tus hermanos jesuitas, sin duda estar\u00e1s apoyado por la valiosa participaci\u00f3n de comunidades religiosas y calic\u00f3s, de las provincias de Ja\u00e9n, San Ignacio, Condorcanqui y los distritos de Imaza y Aramango\u201d expres\u00f3.<\/div>\n<div>\u00a0<\/div>\n<div>Siguiendo los ritos cat\u00f3licos, Mons. Pedro Barreto, orden\u00f3 como obispo de \u00e9sta jurisdicci\u00f3n al P. Alfredo Vizcarra, tras imponerle los ornamentos de obispo como el anillo, s\u00edmbolo de compromiso con la Iglesia, la mitra y el callado o bast\u00f3n que representa a Jes\u00fas, el buen Pastor que gu\u00eda las ovejas.<\/div>\n<div>\u00a0 \u00a0<\/div>\n<div>Luego de ser ordenado, Mons. Alfredo Vizcarra Mori S.J, presidi\u00f3 la celebraci\u00f3n de la eucarist\u00eda, y entre las ofrendas recibi\u00f3 un sin n\u00famero de presentes de las diversas parroquias del Vicariato, entre alimentos y productos propios de cada zona. Un momento muy emotivo, fue cuando un grupo de j\u00f3venes awaj\u00fan, entre varones y mujeres, del Centro Waymaku lo llevaron al centro del patio entre danzas y cantos nativos, para imponerle el tawas (corona awja\u00fan) que lleva el apu, y un wampash (bolso).<\/div>\n<div>\u00a0<\/div>\n<div><strong>Trabajar por la comuni\u00f3n<\/strong><\/div>\n<div>\u00a0 \u00a0<\/div>\n<div>Mons. Alfredo, durante su homil\u00eda, expres\u00f3 su alegr\u00eda profunda porque dijo \u201cno es un acontecimiento personal\u201d, por tanto es un acontecimiento eclesial de comuni\u00f3n; comuni\u00f3n significa presencia de Dios, porque Dios es amor y el amor nos une, nos hace sentir que estamos en un momento de vida plena, porque hay desborde de alegr\u00eda\u201d.<\/div>\n<div>\u00a0\u00a0<\/div>\n<div>\u201cEso que nos hace vibrar hoy, esos decesos que nos brotan hoy, es para que nos orienten, para que nos hagan trabajar a todos por la comuni\u00f3n, tan necesaria para todo ser humano y de manera especial en \u00e9ste contexto, del Vicariato y del pa\u00eds. Agradeciendo a Dios por \u00e9ste acontecimiento que estamos celebrando, y agradecerles a ustedes por su alegr\u00eda, que el se\u00f1or nos mantenga en la alegr\u00eda y paz, trabajando todos por la comuni\u00f3n, que es lo que Monse\u00f1or Santiago ha estado buscando todo \u00e9ste tiempo\u201d dijo.<\/div>\n<div>\u00a0\u00a0<\/div>\n<div>Mons. Alfredo Vizcarra, recorri\u00f3 todo el ambiente de la loza deportiva del Colegio San Luis Gonzaga, donde ten\u00eda lugar la ceremonia, para saludar y bendecir a la sy los presentes, acompa\u00f1ado de Mons. Henry Coudray y Mons. Santiago Garc\u00eda de la Rasilla.<\/div>\n<div>Antes de finalizar la celebraci\u00f3n, Mons. Henry Coudray S.J, Obispo de Mongo, expres\u00f3 tener sentimientos encontrados, primero por perder a un colaborador importante como es el P. Alfredo tras 17 a\u00f1os de trabajo, pero a la vez dijo que a partir de \u00e9ste momento se abre una nueva historia entre el Vicariato de Mongo y el Vicariato San Francisco Javier, ya que tenemos el mismo desaf\u00edo misionero con una \u201cIglesia de fronteras, el desaf\u00edo de la pluriculturalidad\u201d.<\/div>\n<div>\u00a0<\/div>\n<div><strong>Hu\u00e9sped distinguido<\/strong><\/div>\n<div>\u00a0 \u00a0\u00a0<\/div>\n<div>Tras la culminaci\u00f3n de la misa, el Alcalde de la Municipalidad Provincial de Ja\u00e9n, Lic. Edwin Llique, acompa\u00f1ado de tres regidoras, hizo entrega de una resoluci\u00f3n a Mons. Alfredo Vizcarra, que lo declara hu\u00e9sped distinguido, y entreg\u00f3 a la vez las llaves de la ciudad en nombre de toda la provincia. Luego de la celebraci\u00f3n, se hizo la presentaci\u00f3n de diversos n\u00fameros art\u00edsticos, con lo cual culmin\u00f3 la ceremonia.<\/div>\n<div><a href=\"https:\/\/www.facebook.com\/media\/set\/?set=a.556389024472692.1073741867.190610181050580&#038;type=1\" target=\"_blank\">[FOTOS] Ordenaci\u00f3n Monse\u00f1or Alfredo.<\/a><\/div>\n<div>\u00a0<\/div>\n<div>Fuente: vicariatodejaen.org<\/div>\n<div>\u00a0<\/div>\n<p><a href=\"http:\/\/web.hilo.org.pe\/wp-content\/uploads\/jaen.jpg\" target=\"_blank\" rel=\"noopener\">Ver archivo adjunto<\/a><\/p>\n","protected":false},"excerpt":{"rendered":"<p>Ja?n (OC).-En medio de una fiesta religiosa, se desarroll? la misa de ordenaci?n del nuevo obispo del Vicariato Apost?lico ?San Francisco Javier?, Mons. Alfredo Vizcarra Mori S.J, acompa?ado de familiares, amigos, sacerdotes, religiosos, religiosas, fieles en general y obispos. La celebraci?n comenz? alrededor de las 6: 30 pm y se prolong? hasta las 8: 30 pm, en el Colegio San Luis Gonzaga de Ja?n.<\/p>\n","protected":false},"author":1,"featured_media":7857,"comment_status":"closed","ping_status":"closed","sticky":false,"template":"","format":"standard","meta":{"footnotes":""},"categories":[9],"tags":[],"class_list":["post-1930","post","type-post","status-publish","format-standard","has-post-thumbnail","hentry","category-noticias"],"_links":{"self":[{"href":"https:\/\/ceas.org.pe\/index.php\/wp-json\/wp\/v2\/posts\/1930","targetHints":{"allow":["GET"]}}],"collection":[{"href":"https:\/\/ceas.org.pe\/index.php\/wp-json\/wp\/v2\/posts"}],"about":[{"href":"https:\/\/ceas.org.pe\/index.php\/wp-json\/wp\/v2\/types\/post"}],"author":[{"embeddable":true,"href":"https:\/\/ceas.org.pe\/index.php\/wp-json\/wp\/v2\/users\/1"}],"replies":[{"embeddable":true,"href":"https:\/\/ceas.org.pe\/index.php\/wp-json\/wp\/v2\/comments?post=1930"}],"version-history":[{"count":1,"href":"https:\/\/ceas.org.pe\/index.php\/wp-json\/wp\/v2\/posts\/1930\/revisions"}],"predecessor-version":[{"id":7288,"href":"https:\/\/ceas.org.pe\/index.php\/wp-json\/wp\/v2\/posts\/1930\/revisions\/7288"}],"wp:featuredmedia":[{"embeddable":true,"href":"https:\/\/ceas.org.pe\/index.php\/wp-json\/wp\/v2\/media\/7857"}],"wp:attachment":[{"href":"https:\/\/ceas.org.pe\/index.php\/wp-json\/wp\/v2\/media?parent=1930"}],"wp:term":[{"taxonomy":"category","embeddable":true,"href":"https:\/\/ceas.org.pe\/index.php\/wp-json\/wp\/v2\/categories?post=1930"},{"taxonomy":"post_tag","embeddable":true,"href":"https:\/\/ceas.org.pe\/index.php\/wp-json\/wp\/v2\/tags?post=1930"}],"curies":[{"name":"wp","href":"https:\/\/api.w.org\/{rel}","templated":true}]}}