{"id":1929,"date":"2014-08-19T09:22:57","date_gmt":"2014-08-19T09:22:57","guid":{"rendered":""},"modified":"2026-03-11T09:12:20","modified_gmt":"2026-03-11T14:12:20","slug":"el-evangelio-en-el-corazon-editorial-director-de-losservatore-romano","status":"publish","type":"post","link":"https:\/\/ceas.org.pe\/index.php\/2014\/08\/19\/el-evangelio-en-el-corazon-editorial-director-de-losservatore-romano\/","title":{"rendered":"El Evangelio en el coraz\u00f3n &#8211; Editorial, Director de \u00abL&#8217;Osservatore Romano\u00bb"},"content":{"rendered":"<p>Hablando a los obispos asi\u00e1ticos el Papa Francisco se present\u00f3 como el \u00abhermano Papa\u00bb; y esta definici\u00f3n, tan eficaz como expresiva de una evidencia generalmente percibida, ayuda a comprender el consenso que suscit\u00f3 su visita a Corea, y ciertamente no s\u00f3lo entre los cat\u00f3licos. Tercer viaje internacional del pontificado y, despu\u00e9s de los de Juan Pablo II en 1984 y en 1989, tercero de un Pont\u00edfice al \u00abpa\u00eds de la ma\u00f1ana tranquila\u00bb en apenas treinta a\u00f1os, ha sido tambi\u00e9n el primero a Extremo Oriente de Bergoglio, quien ya siendo joven jesuita habr\u00eda querido ser misionero en esas tierras.<\/p>\n<div>\u00a0<\/div>\n<div>En los cinco d\u00edas coreanos un sue\u00f1o ha iniciado a realizarse, anunciando una misi\u00f3n sin confines. Y ante todo el Papa Francisco se dirigi\u00f3 a todos los habitantes de un pa\u00eds vivo, donde los cat\u00f3licos son una minor\u00eda importante en r\u00e1pido crecimiento y donde el Papa con la beatificaci\u00f3n de 124 m\u00e1rtires ha celebrado los or\u00edgenes heroicos de una joven Iglesia a la que fueron laicos quienes le dieron vida hacia finales de 1700 e inicios de 1800. Se inici\u00f3 luego un doble di\u00e1logo: con los j\u00f3venes de Asia, que tuvieron all\u00ed su sexto encuentro, y con un grupo de obispos del continente.<\/div>\n<div>\u00a0<\/div>\n<div>El viaje del Papa Francisco a Corea de este modo abraz\u00f3 idealmente a toda Asia, donde en menos de cinco meses el Papa volver\u00e1 para visitar Sri Lanka y Filipinas. Y si el Pont\u00edfice compar\u00f3 con eficacia la pen\u00ednsula coreana dividida con una familia donde todos hablan el mismo idioma y concluy\u00f3 su visita rezando por la paz y por la dram\u00e1tica situaci\u00f3n de las minor\u00edas religiosas en Irak, ante los obispos asi\u00e1ticos dese\u00f3 que se abran a relaciones cada vez m\u00e1s fraternas todos los pa\u00edses del continente, tambi\u00e9n los que a\u00fan no tienen plenas relaciones con la Santa Sede.<\/div>\n<div>\u00a0<\/div>\n<div>Clar\u00edsima, por lo tanto, reson\u00f3 la palabra del Papa dirigida a toda la pen\u00ednsula coreana y a todo el continente asi\u00e1tico, donde vive la mayor parte de la humanidad, present\u00e1ndose, de hecho, como la palabra de un hermano que supo hacerse cercano para abrir sus brazos a todos, sin distinciones. Y la consigna que el Papa Francisco dej\u00f3 en este viaje asi\u00e1tico es el coraz\u00f3n mismo del Evangelio de Cristo: adorar a Dios y hacer el bien. Esto dijo el Pont\u00edfice a los miles de j\u00f3venes que llegaron a Corea de todo el continente y que con este mensaje vuelven ahora a sus pa\u00edses.<\/div>\n<div>\u00a0<\/div>\n<div>El Papa Francisco deja transparentar el Evangelio con sus gestos y con sus palabras: por este motivo la esencia del anuncio cristiano vivido tan radicalmente por el Papa ha sido advertido en su autenticidad por los creyentes pero tambi\u00e9n por quien no se identifica con ninguna religi\u00f3n. As\u00ed sucedi\u00f3 en los or\u00edgenes de la Iglesia en Corea, en la vida de los m\u00e1rtires, en gran parte laicos y la mayor\u00eda an\u00f3nimos, y mucho tiempo antes, cuando el camino de Cristo fue testimoniado en algunas regiones del continente asi\u00e1tico.<\/div>\n<div>\u00a0<\/div>\n<div>Fundamental fue, sobre todo, el discurso a los obispos de Asia sobre el di\u00e1logo que es constitutivo de la identidad cristiana y que est\u00e1 en la base misma de la misi\u00f3n de la Iglesia: medio siglo despu\u00e9s, en los contenidos y en los hechos un fuerte relanzamiento de la Ecclesiam suam, la enc\u00edclica program\u00e1tica de Pablo VI. La Iglesia crece no por proselitismo sino por atracci\u00f3n, record\u00f3 tambi\u00e9n el Papa citando las palabras de Benedicto XVI. Atracci\u00f3n que deriva de la apertura al otro para caminar juntos, en la presencia de Dios.<\/div>\n<div>\u00a0<\/div>\n<div>Fuente: news.va<\/div>\n<p><a href=\"http:\/\/web.hilo.org.pe\/wp-content\/uploads\/evangelio.jpg\" target=\"_blank\" rel=\"noopener\">Ver archivo adjunto<\/a><\/p>\n","protected":false},"excerpt":{"rendered":"<p>Hablando a los obispos asi?ticos el Papa Francisco se present? como el ?hermano Papa?; y esta definici?n, tan eficaz como expresiva de una evidencia generalmente percibida, ayuda a comprender el consenso que suscit? su visita a Corea, y ciertamente no s?lo entre los cat?licos. Tercer viaje internacional del pontificado y, despu?s de los de Juan Pablo II en 1984 y en 1989, tercero de un Pont?fice al ?pa?s de la ma?ana tranquila? en apenas treinta a?os, ha sido tambi?n el primero a Extremo Oriente de Bergoglio, quien ya siendo joven jesuita habr?a querido ser misionero en esas tierras.<\/p>\n","protected":false},"author":1,"featured_media":7960,"comment_status":"closed","ping_status":"closed","sticky":false,"template":"","format":"standard","meta":{"footnotes":""},"categories":[9],"tags":[],"class_list":["post-1929","post","type-post","status-publish","format-standard","has-post-thumbnail","hentry","category-noticias"],"_links":{"self":[{"href":"https:\/\/ceas.org.pe\/index.php\/wp-json\/wp\/v2\/posts\/1929","targetHints":{"allow":["GET"]}}],"collection":[{"href":"https:\/\/ceas.org.pe\/index.php\/wp-json\/wp\/v2\/posts"}],"about":[{"href":"https:\/\/ceas.org.pe\/index.php\/wp-json\/wp\/v2\/types\/post"}],"author":[{"embeddable":true,"href":"https:\/\/ceas.org.pe\/index.php\/wp-json\/wp\/v2\/users\/1"}],"replies":[{"embeddable":true,"href":"https:\/\/ceas.org.pe\/index.php\/wp-json\/wp\/v2\/comments?post=1929"}],"version-history":[{"count":1,"href":"https:\/\/ceas.org.pe\/index.php\/wp-json\/wp\/v2\/posts\/1929\/revisions"}],"predecessor-version":[{"id":7289,"href":"https:\/\/ceas.org.pe\/index.php\/wp-json\/wp\/v2\/posts\/1929\/revisions\/7289"}],"wp:featuredmedia":[{"embeddable":true,"href":"https:\/\/ceas.org.pe\/index.php\/wp-json\/wp\/v2\/media\/7960"}],"wp:attachment":[{"href":"https:\/\/ceas.org.pe\/index.php\/wp-json\/wp\/v2\/media?parent=1929"}],"wp:term":[{"taxonomy":"category","embeddable":true,"href":"https:\/\/ceas.org.pe\/index.php\/wp-json\/wp\/v2\/categories?post=1929"},{"taxonomy":"post_tag","embeddable":true,"href":"https:\/\/ceas.org.pe\/index.php\/wp-json\/wp\/v2\/tags?post=1929"}],"curies":[{"name":"wp","href":"https:\/\/api.w.org\/{rel}","templated":true}]}}