{"id":1927,"date":"2014-08-18T09:20:50","date_gmt":"2014-08-18T09:20:50","guid":{"rendered":""},"modified":"2026-03-11T09:12:20","modified_gmt":"2026-03-11T14:12:20","slug":"cusco-jornada-de-formacion-para-agentes-pastoral","status":"publish","type":"post","link":"https:\/\/ceas.org.pe\/index.php\/2014\/08\/18\/cusco-jornada-de-formacion-para-agentes-pastoral\/","title":{"rendered":"Cusco: jornada de formaci\u00f3n para agentes pastoral"},"content":{"rendered":"<div>El pr\u00f3ximo 23 de agosto se realizar\u00e1 en el Cusco la \u201cJornada de Formaci\u00f3n de Agentes de Pastoral de Salud\u201d que cada a\u00f1o organiza el Arzobispado del Cusco, a trav\u00e9s de la Comisi\u00f3n Arquidiocesana de la Pastoral de Salud, con el objetivo de formar agentes de pastoral entre los profesionales y estudiantes de salud, profesionales de otros campos y personas ligadas a la Iglesia, con vocaci\u00f3n de servicio y deseo de ayudar al que m\u00e1s lo necesita.<\/div>\n<div>\u00a0<\/div>\n<div>La jornada se realizar\u00e1 en el auditorio de la Cl\u00ednica San Juan de Dios y las inscripciones se est\u00e1n realizando en la \u201cCasa Hogar del Campesino Hermana Josefina Serrano\u201d.<\/div>\n<div>\u00a0<\/div>\n<div>\u201cLos enfermos son mi peso y mi dolor\u201d ser\u00e1 el tema de la jornada de formaci\u00f3n de este a\u00f1o y abordar\u00e1 importantes temas que responden a la necesidad de saber \u00bfQu\u00e9 es un agente de pastoral de salud?, \u00bfCu\u00e1l es su misi\u00f3n? y \u00bfC\u00f3mo debe ser el perfil del agente pastoral?<\/div>\n<div>\u00a0<\/div>\n<div>(Fuente: CEP)<\/div>\n<p><a href=\"http:\/\/web.hilo.org.pe\/wp-content\/uploads\/cusco.jpg\" target=\"_blank\" rel=\"noopener\">Ver archivo adjunto<\/a><\/p>\n","protected":false},"excerpt":{"rendered":"<p>El pr?ximo 23 de agosto se realizar? en el Cusco la ?Jornada de Formaci?n de Agentes de Pastoral de Salud? que cada a?o organiza el Arzobispado del Cusco, a trav?s de la Comisi?n Arquidiocesana de la Pastoral de Salud, con el objetivo de formar agentes de pastoral entre los profesionales y estudiantes de salud, profesionales de otros campos y personas ligadas a la Iglesia, con vocaci?n de servicio y deseo de ayudar al que m?s lo necesita.<\/p>\n","protected":false},"author":1,"featured_media":1229,"comment_status":"closed","ping_status":"closed","sticky":false,"template":"","format":"standard","meta":{"footnotes":""},"categories":[9],"tags":[],"class_list":["post-1927","post","type-post","status-publish","format-standard","has-post-thumbnail","hentry","category-noticias"],"_links":{"self":[{"href":"https:\/\/ceas.org.pe\/index.php\/wp-json\/wp\/v2\/posts\/1927","targetHints":{"allow":["GET"]}}],"collection":[{"href":"https:\/\/ceas.org.pe\/index.php\/wp-json\/wp\/v2\/posts"}],"about":[{"href":"https:\/\/ceas.org.pe\/index.php\/wp-json\/wp\/v2\/types\/post"}],"author":[{"embeddable":true,"href":"https:\/\/ceas.org.pe\/index.php\/wp-json\/wp\/v2\/users\/1"}],"replies":[{"embeddable":true,"href":"https:\/\/ceas.org.pe\/index.php\/wp-json\/wp\/v2\/comments?post=1927"}],"version-history":[{"count":1,"href":"https:\/\/ceas.org.pe\/index.php\/wp-json\/wp\/v2\/posts\/1927\/revisions"}],"predecessor-version":[{"id":7291,"href":"https:\/\/ceas.org.pe\/index.php\/wp-json\/wp\/v2\/posts\/1927\/revisions\/7291"}],"wp:featuredmedia":[{"embeddable":true,"href":"https:\/\/ceas.org.pe\/index.php\/wp-json\/wp\/v2\/media\/1229"}],"wp:attachment":[{"href":"https:\/\/ceas.org.pe\/index.php\/wp-json\/wp\/v2\/media?parent=1927"}],"wp:term":[{"taxonomy":"category","embeddable":true,"href":"https:\/\/ceas.org.pe\/index.php\/wp-json\/wp\/v2\/categories?post=1927"},{"taxonomy":"post_tag","embeddable":true,"href":"https:\/\/ceas.org.pe\/index.php\/wp-json\/wp\/v2\/tags?post=1927"}],"curies":[{"name":"wp","href":"https:\/\/api.w.org\/{rel}","templated":true}]}}