{"id":1923,"date":"2014-08-15T10:18:54","date_gmt":"2014-08-15T10:18:54","guid":{"rendered":""},"modified":"2026-03-11T09:12:20","modified_gmt":"2026-03-11T14:12:20","slug":"encuentro-de-pastoral-social-de-la-region-selva-se-realizo-en-iquitos","status":"publish","type":"post","link":"https:\/\/ceas.org.pe\/index.php\/2014\/08\/15\/encuentro-de-pastoral-social-de-la-region-selva-se-realizo-en-iquitos\/","title":{"rendered":"Encuentro de Pastoral Social de la Regi\u00f3n Selva se realiz\u00f3 en Iquitos"},"content":{"rendered":"<div>El Encuentro de Pastoral Social de la Regi\u00f3n Selva se realiz\u00f3 en Iquitos, organizado por la Comisi\u00f3n Episcopal para la Pastoral Social conjuntamente con el Vicariato Apost\u00f3lico de Iquitos, por encargo de la Conferencia Episcopal Peruana.\u00a0<\/div>\n<div>\u00a0<\/div>\n<div>Iquitos ha sido sede del encuentro, el mismo que se desarroll\u00f3 en la Casa de retiro \u201cKanatari\u201d (JB. Chuquipiondo 122 &#8211; Punchana) los d\u00edas 5 y 6 de agosto.<\/div>\n<div>\u00a0<\/div>\n<div><a href=\"https:\/\/www.facebook.com\/media\/set\/?set=a.790044461017757.1073741853.160126664009543&#038;type=1\" target=\"_blank\">VER FOTOS<\/a><\/div>\n<div>\u00a0<\/div>\n<p><a href=\"http:\/\/web.hilo.org.pe\/wp-content\/uploads\/PASTORALIQUITOS.jpg\" target=\"_blank\" rel=\"noopener\">Ver archivo adjunto<\/a><\/p>\n","protected":false},"excerpt":{"rendered":"<p>El Encuentro de Pastoral Social de la Regi?n Selva se realiz? en Iquitos, organizado por la Comisi?n Episcopal para la Pastoral Social conjuntamente con el Vicariato Apost?lico de Iquitos, por encargo de la Conferencia Episcopal Peruana.<\/p>\n","protected":false},"author":1,"featured_media":7862,"comment_status":"closed","ping_status":"closed","sticky":false,"template":"","format":"standard","meta":{"footnotes":""},"categories":[9],"tags":[],"class_list":["post-1923","post","type-post","status-publish","format-standard","has-post-thumbnail","hentry","category-noticias"],"_links":{"self":[{"href":"https:\/\/ceas.org.pe\/index.php\/wp-json\/wp\/v2\/posts\/1923","targetHints":{"allow":["GET"]}}],"collection":[{"href":"https:\/\/ceas.org.pe\/index.php\/wp-json\/wp\/v2\/posts"}],"about":[{"href":"https:\/\/ceas.org.pe\/index.php\/wp-json\/wp\/v2\/types\/post"}],"author":[{"embeddable":true,"href":"https:\/\/ceas.org.pe\/index.php\/wp-json\/wp\/v2\/users\/1"}],"replies":[{"embeddable":true,"href":"https:\/\/ceas.org.pe\/index.php\/wp-json\/wp\/v2\/comments?post=1923"}],"version-history":[{"count":1,"href":"https:\/\/ceas.org.pe\/index.php\/wp-json\/wp\/v2\/posts\/1923\/revisions"}],"predecessor-version":[{"id":7296,"href":"https:\/\/ceas.org.pe\/index.php\/wp-json\/wp\/v2\/posts\/1923\/revisions\/7296"}],"wp:featuredmedia":[{"embeddable":true,"href":"https:\/\/ceas.org.pe\/index.php\/wp-json\/wp\/v2\/media\/7862"}],"wp:attachment":[{"href":"https:\/\/ceas.org.pe\/index.php\/wp-json\/wp\/v2\/media?parent=1923"}],"wp:term":[{"taxonomy":"category","embeddable":true,"href":"https:\/\/ceas.org.pe\/index.php\/wp-json\/wp\/v2\/categories?post=1923"},{"taxonomy":"post_tag","embeddable":true,"href":"https:\/\/ceas.org.pe\/index.php\/wp-json\/wp\/v2\/tags?post=1923"}],"curies":[{"name":"wp","href":"https:\/\/api.w.org\/{rel}","templated":true}]}}