{"id":1922,"date":"2014-08-16T11:28:24","date_gmt":"2014-08-16T11:28:24","guid":{"rendered":""},"modified":"2026-03-11T09:12:20","modified_gmt":"2026-03-11T14:12:20","slug":"encuentro-de-pastoral-social-de-la-region-centro-se-realizo-en-huancayo","status":"publish","type":"post","link":"https:\/\/ceas.org.pe\/index.php\/2014\/08\/16\/encuentro-de-pastoral-social-de-la-region-centro-se-realizo-en-huancayo\/","title":{"rendered":"Encuentro de Pastoral Social de la Regi\u00f3n Centro se realiz\u00f3 en Huancayo"},"content":{"rendered":"<div>El Encuentro de Pastoral Social de la Regi\u00f3n Centro se realiz\u00f3 en Huancayo, en la que \u00a0participaron agentes pastorales de diversas jurisdicciones, quienes reflexionaron sobre los desaf\u00edos pastorales desde la Evangelii Gaudium<\/div>\n<div>\u00a0<\/div>\n<div>Asistieron agentes de la pastoral social de las jurisdicciones de Ayacucho, Hu\u00e1nuco, Chosica, Lima, Carabayllo, Callao, Lur\u00edn, Tarma, Huancayo y Huancavelica.<\/div>\n<div>\u00a0<\/div>\n<div>El encuentro permiti\u00f3 que los agentes pastorales, reflexionen y formulen propuestas que permitan tener una iglesia m\u00e1s unida y fortalecida, desde el trabajo que vienen desempe\u00f1ando en sus jurisdicciones eclesi\u00e1sticas; tal como lo exhorta el Vicario de Cristo, Papa Francisco.<\/div>\n<div>El evento fue realizado por la Comisi\u00f3n Episcopal para la Pastoral Social conjuntamente con la Arquidi\u00f3cesis de Huancayo, por encargo de la Conferencia Episcopal Peruana.\u00a0<\/div>\n<div>Se desarroll\u00f3 en la Casa de retiro \u201cNuestra Se\u00f1ora de Las Victorias\u201d (Av. Salaverry Parroquia La Victoria, El Tambo) los d\u00edas 10 y 11 de Julio.<\/div>\n<div>\u00a0<\/div>\n<div><a href=\"https:\/\/www.facebook.com\/media\/set\/?set=a.790027697686100.1073741852.160126664009543&#038;type=1\" target=\"_blank\">VER FOTOS<\/a><\/div>\n<p><a href=\"http:\/\/web.hilo.org.pe\/wp-content\/uploads\/pastoralhuancayo.jpg\" target=\"_blank\" rel=\"noopener\">Ver archivo adjunto<\/a><\/p>\n","protected":false},"excerpt":{"rendered":"<p>El Encuentro de Pastoral Social de la Regi?n Centro se realiz? en Huancayo, en la que  participaron agentes pastorales de diversas jurisdicciones, quienes reflexionaron sobre los desaf?os pastorales desde la Evangelii Gaudium<\/p>\n","protected":false},"author":1,"featured_media":7862,"comment_status":"closed","ping_status":"closed","sticky":false,"template":"","format":"standard","meta":{"footnotes":""},"categories":[9],"tags":[],"class_list":["post-1922","post","type-post","status-publish","format-standard","has-post-thumbnail","hentry","category-noticias"],"_links":{"self":[{"href":"https:\/\/ceas.org.pe\/index.php\/wp-json\/wp\/v2\/posts\/1922","targetHints":{"allow":["GET"]}}],"collection":[{"href":"https:\/\/ceas.org.pe\/index.php\/wp-json\/wp\/v2\/posts"}],"about":[{"href":"https:\/\/ceas.org.pe\/index.php\/wp-json\/wp\/v2\/types\/post"}],"author":[{"embeddable":true,"href":"https:\/\/ceas.org.pe\/index.php\/wp-json\/wp\/v2\/users\/1"}],"replies":[{"embeddable":true,"href":"https:\/\/ceas.org.pe\/index.php\/wp-json\/wp\/v2\/comments?post=1922"}],"version-history":[{"count":1,"href":"https:\/\/ceas.org.pe\/index.php\/wp-json\/wp\/v2\/posts\/1922\/revisions"}],"predecessor-version":[{"id":7293,"href":"https:\/\/ceas.org.pe\/index.php\/wp-json\/wp\/v2\/posts\/1922\/revisions\/7293"}],"wp:featuredmedia":[{"embeddable":true,"href":"https:\/\/ceas.org.pe\/index.php\/wp-json\/wp\/v2\/media\/7862"}],"wp:attachment":[{"href":"https:\/\/ceas.org.pe\/index.php\/wp-json\/wp\/v2\/media?parent=1922"}],"wp:term":[{"taxonomy":"category","embeddable":true,"href":"https:\/\/ceas.org.pe\/index.php\/wp-json\/wp\/v2\/categories?post=1922"},{"taxonomy":"post_tag","embeddable":true,"href":"https:\/\/ceas.org.pe\/index.php\/wp-json\/wp\/v2\/tags?post=1922"}],"curies":[{"name":"wp","href":"https:\/\/api.w.org\/{rel}","templated":true}]}}