{"id":1917,"date":"2014-08-13T09:45:35","date_gmt":"2014-08-13T09:45:35","guid":{"rendered":""},"modified":"2026-03-11T09:12:21","modified_gmt":"2026-03-11T14:12:21","slug":"foro-poblico-oinclusion-social-a-travos-de-la-promocion-humana-3","status":"publish","type":"post","link":"https:\/\/ceas.org.pe\/index.php\/2014\/08\/13\/foro-poblico-oinclusion-social-a-travos-de-la-promocion-humana-3\/","title":{"rendered":"Foro p\u00f3blico: \u00f3Inclusi\u00f3n social a trav\u00f3s de la promoci\u00f3n humana"},"content":{"rendered":"<div>Dada la realidad social de la Regi\u00f3n Iquitos y del Vicariato Apost\u00f3lico de Iquitos, en relaci\u00f3n a la exhortaci\u00f3n Apost\u00f3lica \u201cEvangelii Gaudium\u201d, dada por el Vicario de Cristo Papa Francisco; enfatizando en los desaf\u00edos importantes a tener en cuenta para avanzar en la inclusi\u00f3n social, se realiz\u00f3 el Foro P\u00fablico: \u201cInclusi\u00f3n social a trav\u00e9s de la Promoci\u00f3n Humana, desaf\u00edo para todos\u201d.<\/div>\n<div>\u00a0<\/div>\n<div>El foro fue realizado por la Comisi\u00f3n Episcopal de Acci\u00f3n Social \u2013 CEAS conjuntamente con el Vicariato Apost\u00f3lico de Iquitos; las palabras de bienvenida estuvieron a cargo de Monse\u00f1or Miguel Olaortua Laspra, Obispo del Vicariato de Iquitos y la ponencia principal estuvo a cargo del Lic. Luis Llontop Samill\u00e1n del CEAS, quien dio a conocer los principales planteamientos de la Exhortaci\u00f3n Apost\u00f3lica \u201cEvangelii Gaudium\u201d del Papa Francisco, en lo referente a la promoci\u00f3n humana y la inclusi\u00f3n social.<\/div>\n<div>\u00a0<\/div>\n<div>Los panelistas de este importante foro fueron: Lic. Nancy Alarc\u00f3n Chong, Directora del programa EN DIRECTO; Dr. Luis Calcina Romero, Programa de Investigaci\u00f3n en Informaci\u00f3n de la Biodiversidad Amaz\u00f3nica \u2013 IIAP; Prof. Emilio Agnini Rodr\u00edguez, Coordinador regional de UNICEF y el P. Raymond Portelli, Coordinador de la Pastoral Social.<\/div>\n<div>\u00a0<\/div>\n<div>El evento se realiz\u00f3 el martes 5 de agosto en el Auditorio del Centro Pastoral (Putumayo N\u00b0 318 &#8211; Iquitos) desde las 7:00 p.m.<\/div>\n<div>\u00a0<\/div>\n<div>(Fuente: CEP)<\/div>\n<div>\u00a0<\/div>\n<div><a href=\"https:\/\/www.facebook.com\/media\/set\/?set=a.896288530399402.1073741845.197934076901521&#038;type=1\" target=\"_blank\">VER FOTOS<\/a><\/div>\n<div>\u00a0<\/div>\n<p><a href=\"http:\/\/web.hilo.org.pe\/wp-content\/uploads\/foropublico.jpg\" target=\"_blank\" rel=\"noopener\">Ver archivo adjunto<\/a><\/p>\n","protected":false},"excerpt":{"rendered":"<p>Dada la realidad social de la Regi?n Iquitos y del Vicariato Apost?lico de Iquitos, en relaci?n a la exhortaci?n Apost?lica ?Evangelii Gaudium?, dada por el Vicario de Cristo Papa Francisco; enfatizando en los desaf?os importantes a tener en cuenta para avanzar en la inclusi?n social, se realiz? el Foro P?blico: ?Inclusi?n social a trav?s de la Promoci?n Humana, desaf?o para todos?.<\/p>\n","protected":false},"author":1,"featured_media":7961,"comment_status":"closed","ping_status":"closed","sticky":false,"template":"","format":"standard","meta":{"footnotes":""},"categories":[9],"tags":[],"class_list":["post-1917","post","type-post","status-publish","format-standard","has-post-thumbnail","hentry","category-noticias"],"_links":{"self":[{"href":"https:\/\/ceas.org.pe\/index.php\/wp-json\/wp\/v2\/posts\/1917","targetHints":{"allow":["GET"]}}],"collection":[{"href":"https:\/\/ceas.org.pe\/index.php\/wp-json\/wp\/v2\/posts"}],"about":[{"href":"https:\/\/ceas.org.pe\/index.php\/wp-json\/wp\/v2\/types\/post"}],"author":[{"embeddable":true,"href":"https:\/\/ceas.org.pe\/index.php\/wp-json\/wp\/v2\/users\/1"}],"replies":[{"embeddable":true,"href":"https:\/\/ceas.org.pe\/index.php\/wp-json\/wp\/v2\/comments?post=1917"}],"version-history":[{"count":1,"href":"https:\/\/ceas.org.pe\/index.php\/wp-json\/wp\/v2\/posts\/1917\/revisions"}],"predecessor-version":[{"id":7301,"href":"https:\/\/ceas.org.pe\/index.php\/wp-json\/wp\/v2\/posts\/1917\/revisions\/7301"}],"wp:featuredmedia":[{"embeddable":true,"href":"https:\/\/ceas.org.pe\/index.php\/wp-json\/wp\/v2\/media\/7961"}],"wp:attachment":[{"href":"https:\/\/ceas.org.pe\/index.php\/wp-json\/wp\/v2\/media?parent=1917"}],"wp:term":[{"taxonomy":"category","embeddable":true,"href":"https:\/\/ceas.org.pe\/index.php\/wp-json\/wp\/v2\/categories?post=1917"},{"taxonomy":"post_tag","embeddable":true,"href":"https:\/\/ceas.org.pe\/index.php\/wp-json\/wp\/v2\/tags?post=1917"}],"curies":[{"name":"wp","href":"https:\/\/api.w.org\/{rel}","templated":true}]}}