{"id":1916,"date":"2014-08-13T09:42:00","date_gmt":"2014-08-13T09:42:00","guid":{"rendered":""},"modified":"2026-03-11T09:12:21","modified_gmt":"2026-03-11T14:12:21","slug":"iquitos-encuentro-pastoral-social-de-la-region-selva-3","status":"publish","type":"post","link":"https:\/\/ceas.org.pe\/index.php\/2014\/08\/13\/iquitos-encuentro-pastoral-social-de-la-region-selva-3\/","title":{"rendered":"Iquitos: Encuentro Pastoral Social de la Regi\u00f3n Selva"},"content":{"rendered":"<div>Con la participaci\u00f3n de agentes de la pastoral social (AP) de las jurisdicciones de Yurimaguas, Puerto Maldonado, San Ram\u00f3n, Pucallpa, San Jos\u00e9 del Amazonas e Iquitos; se llev\u00f3 a cabo el Encuentro Pastoral Social de la Regi\u00f3n Selva \u00a0\u201cDesaf\u00edos pastorales a la luz de la Exhortaci\u00f3n Apost\u00f3lica Evangelii Gaudium\u201d.<\/div>\n<div>\u00a0<\/div>\n<div>El encuentro permiti\u00f3 que los agentes pastorales, reflexionen y formulen propuestas que permitan tener una iglesia m\u00e1s unida y fortalecida, desde el trabajo que vienen desempe\u00f1ando en sus jurisdicciones eclesi\u00e1sticas; tal como lo exhorta el Vicario de Cristo, Papa Francisco.<\/div>\n<div>\u00a0<\/div>\n<div>El evento fue realizado por la Comisi\u00f3n Episcopal para la Pastoral Social conjuntamente con el Vicariato Apost\u00f3lico de Iquitos, por encargo de la Conferencia Episcopal Peruana. Iquitos ha sido sede del encuentro, el mismo que se desarroll\u00f3 en la Casa de retiro \u201cKanatari\u201d (JB. Chuquipiondo 122 &#8211; Punchana) los d\u00edas 5 y 6 de agosto.<\/div>\n<div>\u00a0<\/div>\n<div><a href=\"https:\/\/www.facebook.com\/media\/set\/?set=a.896275897067332.1073741844.197934076901521&#038;type=1\" target=\"_blank\">VER FOTOS<\/a><\/div>\n<div>\u00a0<\/div>\n<p><a href=\"http:\/\/web.hilo.org.pe\/wp-content\/uploads\/pastoralsocial.jpg\" target=\"_blank\" rel=\"noopener\">Ver archivo adjunto<\/a><\/p>\n","protected":false},"excerpt":{"rendered":"<p>Con la participaci?n de agentes de la pastoral social (AP) de las jurisdicciones de Yurimaguas, Puerto Maldonado, San Ram?n, Pucallpa, San Jos? del Amazonas e Iquitos; se llev? a cabo el Encuentro Pastoral Social de la Regi?n Selva  ?Desaf?os pastorales a la luz de la Exhortaci?n Apost?lica Evangelii Gaudium?.<\/p>\n","protected":false},"author":1,"featured_media":7862,"comment_status":"closed","ping_status":"closed","sticky":false,"template":"","format":"standard","meta":{"footnotes":""},"categories":[9],"tags":[],"class_list":["post-1916","post","type-post","status-publish","format-standard","has-post-thumbnail","hentry","category-noticias"],"_links":{"self":[{"href":"https:\/\/ceas.org.pe\/index.php\/wp-json\/wp\/v2\/posts\/1916","targetHints":{"allow":["GET"]}}],"collection":[{"href":"https:\/\/ceas.org.pe\/index.php\/wp-json\/wp\/v2\/posts"}],"about":[{"href":"https:\/\/ceas.org.pe\/index.php\/wp-json\/wp\/v2\/types\/post"}],"author":[{"embeddable":true,"href":"https:\/\/ceas.org.pe\/index.php\/wp-json\/wp\/v2\/users\/1"}],"replies":[{"embeddable":true,"href":"https:\/\/ceas.org.pe\/index.php\/wp-json\/wp\/v2\/comments?post=1916"}],"version-history":[{"count":1,"href":"https:\/\/ceas.org.pe\/index.php\/wp-json\/wp\/v2\/posts\/1916\/revisions"}],"predecessor-version":[{"id":7302,"href":"https:\/\/ceas.org.pe\/index.php\/wp-json\/wp\/v2\/posts\/1916\/revisions\/7302"}],"wp:featuredmedia":[{"embeddable":true,"href":"https:\/\/ceas.org.pe\/index.php\/wp-json\/wp\/v2\/media\/7862"}],"wp:attachment":[{"href":"https:\/\/ceas.org.pe\/index.php\/wp-json\/wp\/v2\/media?parent=1916"}],"wp:term":[{"taxonomy":"category","embeddable":true,"href":"https:\/\/ceas.org.pe\/index.php\/wp-json\/wp\/v2\/categories?post=1916"},{"taxonomy":"post_tag","embeddable":true,"href":"https:\/\/ceas.org.pe\/index.php\/wp-json\/wp\/v2\/tags?post=1916"}],"curies":[{"name":"wp","href":"https:\/\/api.w.org\/{rel}","templated":true}]}}