{"id":1913,"date":"2014-08-12T10:46:17","date_gmt":"2014-08-12T10:46:17","guid":{"rendered":""},"modified":"2026-03-11T09:12:21","modified_gmt":"2026-03-11T14:12:21","slug":"cardenal-filoni-cristianos-iraquoes-necesitan-sentir-que-la-iglesia-esto-con-ellos","status":"publish","type":"post","link":"https:\/\/ceas.org.pe\/index.php\/2014\/08\/12\/cardenal-filoni-cristianos-iraquoes-necesitan-sentir-que-la-iglesia-esto-con-ellos\/","title":{"rendered":"Cardenal Filoni: Cristianos iraqu\u00f3es necesitan sentir que la Iglesia est\u00f3 con ellos"},"content":{"rendered":"<p>\u00a0VATICANO.- El Prefecto de la Congregaci\u00f3n para la Evangelizaci\u00f3n de los Pueblos, Cardenal Fernando Filoni, se\u00f1al\u00f3 que los cristianos iraqu\u00edes necesitan saber que la Iglesia Universal est\u00e1 con ellos, que no los abandona, y por ello su misi\u00f3n ser\u00e1 llevar a estos pueblos la cercan\u00eda y la ayuda del Papa Francisco, \u201cquien probablemente, tambi\u00e9n hubiera querido estar all\u00ed, en medio de esta pobre gente\u201d.<\/p>\n<div>\u00a0<\/div>\n<div>En una declaraci\u00f3n antes de su partida a Irak, el Purpurado record\u00f3 que \u201cel Santo Padre ha expresado en repetidas ocasiones su sensibilidad ante esta situaci\u00f3n tan dif\u00edcil que ha surgido en Irak con muchos cristianos, pero yo dir\u00eda tambi\u00e9n con muchas otras minor\u00edas que est\u00e1n en una situaci\u00f3n de persecuci\u00f3n y de fuga\u201d.<\/div>\n<div>\u00a0<\/div>\n<div>El Cardenal Filoni record\u00f3 que \u201cse habla tambi\u00e9n de un mill\u00f3n de personas desplazadas que est\u00e1n buscando un lugar seguro para sus vidas y tambi\u00e9n para su futuro\u201d. En ese sentido, \u201cla aprensi\u00f3n del Papa ha sido percibida vivamente\u201d.<\/div>\n<div>\u00a0<\/div>\n<div>\u201cLa he percibido vivamente porque el Santo Padre, probablemente, tambi\u00e9n hubiera querido estar all\u00ed, en medio de esta pobre gente. Me encomienda esta tarea justamente para que yo haga presente este afecto, este amor profundo, ese compartir que el Papa tiene para \u00e9stos, nuestros pobres de hoy\u201d, expres\u00f3 en la declaraci\u00f3n publicada este lunes en Radio Vaticana.<\/div>\n<div>\u00a0<\/div>\n<div>En ese sentido, explic\u00f3 que se trata de una misi\u00f3n de aliento, de confianza, \u201cayuda espiritual, moral y psicol\u00f3gica\u201d.<\/div>\n<div>\u00a0<\/div>\n<div>\u201cNuestra percepci\u00f3n es que estos cristianos, despu\u00e9s de muchas dificultades que han tenido, puedan pensar que este pa\u00eds no sigue siendo su pa\u00eds. Irak, tradicionalmente, es un pa\u00eds en el que han convivido muchas realidades, tambi\u00e9n es un pa\u00eds acogedor, es un pa\u00eds donde, hist\u00f3ricamente, por cientos y cientos de a\u00f1os, las minor\u00edas y las mayor\u00edas han cohabitado. Y entonces ser\u00eda un verdadero pecado hoy, perder esta riqueza\u201d, afirm\u00f3.<\/div>\n<div>\u00a0<\/div>\n<div>El Prefecto reiter\u00f3 que su presencia busca \u201canimar psicol\u00f3gicamente a estos cristianos, para decirles que hay un futuro para ellos. Estoy convencido de que las autoridades har\u00e1n de todo para poner estos cristianos en una condici\u00f3n de bienestar, de futuro, de seguridad. Pero tambi\u00e9n deben sentir que la Iglesia universal est\u00e1 con ellos, que no los abandona, que los considera valiosos en esta tierra, que tengan todav\u00eda confianza en s\u00ed mismos y en las relaciones que pueden establecer con los dem\u00e1s\u201d.<\/div>\n<div>\u00a0<\/div>\n<div>\u201cEl Papa es consciente de todo esto. As\u00ed que mi misi\u00f3n ser\u00e1 la de sensibilizar a\u00fan m\u00e1s a las autoridades, inst\u00e1ndolas en beneficio de nuestros pueblos y al mismo tiempo, estudiar c\u00f3mo ayudarles concretamente en esta situaci\u00f3n y en un futuro pr\u00f3ximo, y luego agradecer a todos \u2013 a las autoridades, organizaciones eclesi\u00e1sticas y no eclesi\u00e1sticas \u2013 agradecer a todos por lo que est\u00e1n haciendo a favor de esta poblaci\u00f3n. Creo &#8211; resumiendo &#8211; que este es el aspecto que tiene que ver un poco con mi misi\u00f3n\u201d, concluy\u00f3.<\/div>\n<div>\u00a0<\/div>\n<div>Fuente: aciprensa.com<\/div>\n<p><a href=\"http:\/\/web.hilo.org.pe\/wp-content\/uploads\/filoni.jpg\" target=\"_blank\" rel=\"noopener\">Ver archivo adjunto<\/a><\/p>\n","protected":false},"excerpt":{"rendered":"<p>VATICANO.- El Prefecto de la Congregaci?n para la Evangelizaci?n de los Pueblos, Cardenal Fernando Filoni, se?al? que los cristianos iraqu?es necesitan saber que la Iglesia Universal est? con ellos, que no los abandona, y por ello su misi?n ser? llevar a estos pueblos la cercan?a y la ayuda del Papa Francisco, ?quien probablemente, tambi?n hubiera querido estar all?, en medio de esta pobre gente?.<\/p>\n","protected":false},"author":1,"featured_media":0,"comment_status":"closed","ping_status":"closed","sticky":false,"template":"","format":"standard","meta":{"footnotes":""},"categories":[9],"tags":[],"class_list":["post-1913","post","type-post","status-publish","format-standard","hentry","category-noticias"],"_links":{"self":[{"href":"https:\/\/ceas.org.pe\/index.php\/wp-json\/wp\/v2\/posts\/1913","targetHints":{"allow":["GET"]}}],"collection":[{"href":"https:\/\/ceas.org.pe\/index.php\/wp-json\/wp\/v2\/posts"}],"about":[{"href":"https:\/\/ceas.org.pe\/index.php\/wp-json\/wp\/v2\/types\/post"}],"author":[{"embeddable":true,"href":"https:\/\/ceas.org.pe\/index.php\/wp-json\/wp\/v2\/users\/1"}],"replies":[{"embeddable":true,"href":"https:\/\/ceas.org.pe\/index.php\/wp-json\/wp\/v2\/comments?post=1913"}],"version-history":[{"count":1,"href":"https:\/\/ceas.org.pe\/index.php\/wp-json\/wp\/v2\/posts\/1913\/revisions"}],"predecessor-version":[{"id":7306,"href":"https:\/\/ceas.org.pe\/index.php\/wp-json\/wp\/v2\/posts\/1913\/revisions\/7306"}],"wp:attachment":[{"href":"https:\/\/ceas.org.pe\/index.php\/wp-json\/wp\/v2\/media?parent=1913"}],"wp:term":[{"taxonomy":"category","embeddable":true,"href":"https:\/\/ceas.org.pe\/index.php\/wp-json\/wp\/v2\/categories?post=1913"},{"taxonomy":"post_tag","embeddable":true,"href":"https:\/\/ceas.org.pe\/index.php\/wp-json\/wp\/v2\/tags?post=1913"}],"curies":[{"name":"wp","href":"https:\/\/api.w.org\/{rel}","templated":true}]}}