{"id":1912,"date":"2014-08-12T10:44:02","date_gmt":"2014-08-12T10:44:02","guid":{"rendered":""},"modified":"2026-03-11T09:12:21","modified_gmt":"2026-03-11T14:12:21","slug":"arequipa-diplomados-en-desarrollo-social-y-pastoral-de-la-caridad","status":"publish","type":"post","link":"https:\/\/ceas.org.pe\/index.php\/2014\/08\/12\/arequipa-diplomados-en-desarrollo-social-y-pastoral-de-la-caridad\/","title":{"rendered":"Arequipa: Diplomados en desarrollo social y pastoral de la caridad"},"content":{"rendered":"<div>Un Convenio entre el Arzobispado de Arequipa y la Universidad Cat\u00f3lica San Antonio de Murcia (UCAM), permitir\u00e1 ofrecer dos Diplomados Internacionales, uno en Pastoral de la Caridad y otro en Desarrollo Social.\u00a0<\/div>\n<div>\u00a0<\/div>\n<div>Este anuncio fue realizado por Monse\u00f1or Javier Del R\u00edo Alba, Arzobispo de Arequipa y explic\u00f3 que quienes obtengan alguno de los diplomados podr\u00e1n continuar estudios hasta obtener el M\u00e1ster Universitario. Inform\u00f3 que tambi\u00e9n se est\u00e1 coordinando con la Universidad Cat\u00f3lica San Pablo y la Universidad de La Salle a fin de que se asocien a esta iniciativa que viene a cubrir la necesidad de formar a los miembros de instituciones, estatales o civiles, que promueven el desarrollo social.\u00a0<\/div>\n<div>\u00a0<\/div>\n<div>Por su parte, el Padre Antonio Alcaraz, Director del Instituto Internacional de Caridad y Voluntariado Juan Pablo II, de la Universidad de Murcia, dijo que los diplomados constar\u00e1n de tres m\u00f3dulos que ser\u00e1n impartidos por profesores de la universidad y docentes invitados.\u00a0<\/div>\n<div>\u00a0<\/div>\n<div>Monse\u00f1or Del R\u00edo expres\u00f3 que no es la primera vez que ejecutar\u00e1 un proyecto conjunto con la Universidad Cat\u00f3lica San Antonio de Murcia &#8211; UCAM, de cuyo Instituto Internacional de Caridad y Voluntariado Juan Pablo II es Delegado en Per\u00fa. \u201cHace m\u00e1s de diez a\u00f1os comenzamos a trabajar juntos el programa de Voluntariado de la UCAM en el Per\u00fa y, en este tiempo, varias centenas de sus alumnos han pasado sus vacaciones de verano cooperando gratuitamente en diversos proyectos de desarrollo social en nuestro pa\u00eds.<\/div>\n<div>\u00a0<\/div>\n<div>(Fuente: CEP)<\/div>\n<p><a href=\"http:\/\/web.hilo.org.pe\/wp-content\/uploads\/arequipa.jpg\" target=\"_blank\" rel=\"noopener\">Ver archivo adjunto<\/a><\/p>\n","protected":false},"excerpt":{"rendered":"<p>Un Convenio entre el Arzobispado de Arequipa y la Universidad Cat?lica San Antonio de Murcia (UCAM), permitir? ofrecer dos Diplomados Internacionales, uno en Pastoral de la Caridad y otro en Desarrollo Social.<\/p>\n","protected":false},"author":1,"featured_media":7972,"comment_status":"closed","ping_status":"closed","sticky":false,"template":"","format":"standard","meta":{"footnotes":""},"categories":[9],"tags":[],"class_list":["post-1912","post","type-post","status-publish","format-standard","has-post-thumbnail","hentry","category-noticias"],"_links":{"self":[{"href":"https:\/\/ceas.org.pe\/index.php\/wp-json\/wp\/v2\/posts\/1912","targetHints":{"allow":["GET"]}}],"collection":[{"href":"https:\/\/ceas.org.pe\/index.php\/wp-json\/wp\/v2\/posts"}],"about":[{"href":"https:\/\/ceas.org.pe\/index.php\/wp-json\/wp\/v2\/types\/post"}],"author":[{"embeddable":true,"href":"https:\/\/ceas.org.pe\/index.php\/wp-json\/wp\/v2\/users\/1"}],"replies":[{"embeddable":true,"href":"https:\/\/ceas.org.pe\/index.php\/wp-json\/wp\/v2\/comments?post=1912"}],"version-history":[{"count":1,"href":"https:\/\/ceas.org.pe\/index.php\/wp-json\/wp\/v2\/posts\/1912\/revisions"}],"predecessor-version":[{"id":7307,"href":"https:\/\/ceas.org.pe\/index.php\/wp-json\/wp\/v2\/posts\/1912\/revisions\/7307"}],"wp:featuredmedia":[{"embeddable":true,"href":"https:\/\/ceas.org.pe\/index.php\/wp-json\/wp\/v2\/media\/7972"}],"wp:attachment":[{"href":"https:\/\/ceas.org.pe\/index.php\/wp-json\/wp\/v2\/media?parent=1912"}],"wp:term":[{"taxonomy":"category","embeddable":true,"href":"https:\/\/ceas.org.pe\/index.php\/wp-json\/wp\/v2\/categories?post=1912"},{"taxonomy":"post_tag","embeddable":true,"href":"https:\/\/ceas.org.pe\/index.php\/wp-json\/wp\/v2\/tags?post=1912"}],"curies":[{"name":"wp","href":"https:\/\/api.w.org\/{rel}","templated":true}]}}