{"id":1905,"date":"2014-08-07T09:30:45","date_gmt":"2014-08-07T09:30:45","guid":{"rendered":""},"modified":"2026-03-11T09:12:21","modified_gmt":"2026-03-11T14:12:21","slug":"congreso-latinoamericano-de-agentes-de-pastoral-familiar","status":"publish","type":"post","link":"https:\/\/ceas.org.pe\/index.php\/2014\/08\/07\/congreso-latinoamericano-de-agentes-de-pastoral-familiar\/","title":{"rendered":"Congreso Latinoamericano de Agentes de Pastoral Familiar"},"content":{"rendered":"<p>\u00a0Un total de 350 personas entre obispos, sacerdotes, religiosas y parejas de Latinoam\u00e9rica se reunir\u00e1n en Panam\u00e1 para tratar temas de inter\u00e9s familiar.<\/p>\n<div>\u00a0<\/div>\n<div>Este ser\u00e1 el primer Congreso Latinoamericano de Agentes de Pastoral Familiar (CELAM) y se realizar\u00e1 en Panam\u00e1 desde el lunes 4 al s\u00e1bado 9 de agosto de 2014.<\/div>\n<div>\u00a0<\/div>\n<div>El evento contar\u00e1 con la participaci\u00f3n de monse\u00f1or Joao Carlos Petrini, presidente de la Comisi\u00f3n Episcopal de la Pastoral para la Vida y la Familia de Brasil; monse\u00f1or Vicencio Paglia, presidente del Pontificio Consejo para la Familia; y monse\u00f1or Santiago Silva Retamales, secretario general del CELAM.<\/div>\n<div>\u00a0<\/div>\n<div>Durante los cinco d\u00edas, los participantes discutir\u00e1n temas importantes como la familia y educaci\u00f3n, familia y comunicaci\u00f3n, familia y vida, familia y econom\u00eda, y familia y evangelizaci\u00f3n.<\/div>\n<div>\u00a0<\/div>\n<div>El anuncio de esta importante actividad fue hecho ayer por el padre David Cosca, en representaci\u00f3n de la Arquidi\u00f3cesis de Panam\u00e1, quien se\u00f1al\u00f3 que el objetivo principal de la reuni\u00f3n es que se atienda de manera inmediata la divisi\u00f3n que existe en la familia.<\/div>\n<div>\u00a0<\/div>\n<div>\u2018Si la familia est\u00e1 dividida, entonces tambi\u00e9n habr\u00e1 segmentaci\u00f3n en las otras esferas de la sociedad\u2019, expres\u00f3.<\/div>\n<div>\u00a0<\/div>\n<div>Monse\u00f1or Ra\u00fal Martin, obispo de Santa Rosa de Argentina y presidente del CELAM, explic\u00f3 que se determin\u00f3 que era de vital importancia que se atendiera el tema de la familia, pues \u2018si la familia est\u00e1 en crisis, el mundo tambi\u00e9n est\u00e1 en crisis\u2019, asegur\u00f3.<\/div>\n<div>\u00a0<\/div>\n<div>Fuente: celam.org<\/div>\n<div>\u00a0<\/div>\n<div>\u00a0<\/div>\n<p><a href=\"http:\/\/web.hilo.org.pe\/wp-content\/uploads\/congresolatinoamericano.jpg\" target=\"_blank\" rel=\"noopener\">Ver archivo adjunto<\/a><\/p>\n","protected":false},"excerpt":{"rendered":"<p>Un total de 350 personas entre obispos, sacerdotes, religiosas y parejas de Latinoam?rica se reunir?n en Panam? para tratar temas de inter?s familiar.<\/p>\n","protected":false},"author":1,"featured_media":7893,"comment_status":"closed","ping_status":"closed","sticky":false,"template":"","format":"standard","meta":{"footnotes":""},"categories":[9],"tags":[],"class_list":["post-1905","post","type-post","status-publish","format-standard","has-post-thumbnail","hentry","category-noticias"],"_links":{"self":[{"href":"https:\/\/ceas.org.pe\/index.php\/wp-json\/wp\/v2\/posts\/1905","targetHints":{"allow":["GET"]}}],"collection":[{"href":"https:\/\/ceas.org.pe\/index.php\/wp-json\/wp\/v2\/posts"}],"about":[{"href":"https:\/\/ceas.org.pe\/index.php\/wp-json\/wp\/v2\/types\/post"}],"author":[{"embeddable":true,"href":"https:\/\/ceas.org.pe\/index.php\/wp-json\/wp\/v2\/users\/1"}],"replies":[{"embeddable":true,"href":"https:\/\/ceas.org.pe\/index.php\/wp-json\/wp\/v2\/comments?post=1905"}],"version-history":[{"count":1,"href":"https:\/\/ceas.org.pe\/index.php\/wp-json\/wp\/v2\/posts\/1905\/revisions"}],"predecessor-version":[{"id":7313,"href":"https:\/\/ceas.org.pe\/index.php\/wp-json\/wp\/v2\/posts\/1905\/revisions\/7313"}],"wp:featuredmedia":[{"embeddable":true,"href":"https:\/\/ceas.org.pe\/index.php\/wp-json\/wp\/v2\/media\/7893"}],"wp:attachment":[{"href":"https:\/\/ceas.org.pe\/index.php\/wp-json\/wp\/v2\/media?parent=1905"}],"wp:term":[{"taxonomy":"category","embeddable":true,"href":"https:\/\/ceas.org.pe\/index.php\/wp-json\/wp\/v2\/categories?post=1905"},{"taxonomy":"post_tag","embeddable":true,"href":"https:\/\/ceas.org.pe\/index.php\/wp-json\/wp\/v2\/tags?post=1905"}],"curies":[{"name":"wp","href":"https:\/\/api.w.org\/{rel}","templated":true}]}}