{"id":1903,"date":"2014-08-06T09:40:08","date_gmt":"2014-08-06T09:40:08","guid":{"rendered":""},"modified":"2026-03-11T09:12:21","modified_gmt":"2026-03-11T14:12:21","slug":"taller-boblico-realizo-comision-episcopal-de-mision-y-espiritualidad","status":"publish","type":"post","link":"https:\/\/ceas.org.pe\/index.php\/2014\/08\/06\/taller-boblico-realizo-comision-episcopal-de-mision-y-espiritualidad\/","title":{"rendered":"Taller b\u00f3blico realiz\u00f3 Comisi\u00f3n Episcopal de Misi\u00f3n y Espiritualidad"},"content":{"rendered":"<div>La Comisi\u00f3n Episcopal de Misi\u00f3n y Espiritualidad comunic\u00f3 que se adelant\u00f3 el inicio del Mes de la Biblia, con el taller sobre la Carta a los Hebreo, presentada por P. Jos\u00e9 Mizzotti y Juan Bosco Monro.<\/div>\n<div>\u00a0<\/div>\n<div>El taller estuvo dirigido a los Animadores B\u00edblicos, que son agentes pastorales al servicio de la Palabra de Dios, para que llegue al coraz\u00f3n de los creyentes y las comunidades.<\/div>\n<div>\u00a0<\/div>\n<div>Por la tarde se trabaj\u00f3 con la Gu\u00eda B\u00edblica correspondiente. Vayamos disponiendo el coraz\u00f3n para celebrar el pr\u00f3ximo mes de Setiembre lo que debiera ser una actitud y actividad constante en los disc\u00edpulos-misioneros: la escucha y anuncio de la Palabra del Se\u00f1or. (Fuente: Comisi\u00f3n Episcopal de Misi\u00f3n y Espiritualidad)<\/div>\n<div>\u00a0<\/div>\n<div><a href=\"https:\/\/www.facebook.com\/CEMIES\" target=\"_blank\">Visite: https:\/\/www.facebook.com\/CEMIES<\/a><\/div>\n<p><a href=\"http:\/\/web.hilo.org.pe\/wp-content\/uploads\/curso biblia.jpg\" target=\"_blank\" rel=\"noopener\">Ver archivo adjunto<\/a><\/p>\n","protected":false},"excerpt":{"rendered":"<p>La Comisi?n Episcopal de Misi?n y Espiritualidad comunic? que se adelant? el inicio del Mes de la Biblia, con el taller sobre la Carta a los Hebreo, presentada por P. Jos? Mizzotti y Juan Bosco Monro.<\/p>\n","protected":false},"author":1,"featured_media":8012,"comment_status":"closed","ping_status":"closed","sticky":false,"template":"","format":"standard","meta":{"footnotes":""},"categories":[9],"tags":[],"class_list":["post-1903","post","type-post","status-publish","format-standard","has-post-thumbnail","hentry","category-noticias"],"_links":{"self":[{"href":"https:\/\/ceas.org.pe\/index.php\/wp-json\/wp\/v2\/posts\/1903","targetHints":{"allow":["GET"]}}],"collection":[{"href":"https:\/\/ceas.org.pe\/index.php\/wp-json\/wp\/v2\/posts"}],"about":[{"href":"https:\/\/ceas.org.pe\/index.php\/wp-json\/wp\/v2\/types\/post"}],"author":[{"embeddable":true,"href":"https:\/\/ceas.org.pe\/index.php\/wp-json\/wp\/v2\/users\/1"}],"replies":[{"embeddable":true,"href":"https:\/\/ceas.org.pe\/index.php\/wp-json\/wp\/v2\/comments?post=1903"}],"version-history":[{"count":1,"href":"https:\/\/ceas.org.pe\/index.php\/wp-json\/wp\/v2\/posts\/1903\/revisions"}],"predecessor-version":[{"id":7315,"href":"https:\/\/ceas.org.pe\/index.php\/wp-json\/wp\/v2\/posts\/1903\/revisions\/7315"}],"wp:featuredmedia":[{"embeddable":true,"href":"https:\/\/ceas.org.pe\/index.php\/wp-json\/wp\/v2\/media\/8012"}],"wp:attachment":[{"href":"https:\/\/ceas.org.pe\/index.php\/wp-json\/wp\/v2\/media?parent=1903"}],"wp:term":[{"taxonomy":"category","embeddable":true,"href":"https:\/\/ceas.org.pe\/index.php\/wp-json\/wp\/v2\/categories?post=1903"},{"taxonomy":"post_tag","embeddable":true,"href":"https:\/\/ceas.org.pe\/index.php\/wp-json\/wp\/v2\/tags?post=1903"}],"curies":[{"name":"wp","href":"https:\/\/api.w.org\/{rel}","templated":true}]}}