{"id":1900,"date":"2014-08-05T09:00:53","date_gmt":"2014-08-05T09:00:53","guid":{"rendered":""},"modified":"2026-03-11T09:12:21","modified_gmt":"2026-03-11T14:12:21","slug":"coritas-espaoola-responde-a-la-llamada-de-emergencia-de-coritas-jerusalon","status":"publish","type":"post","link":"https:\/\/ceas.org.pe\/index.php\/2014\/08\/05\/coritas-espaoola-responde-a-la-llamada-de-emergencia-de-coritas-jerusalon\/","title":{"rendered":"C\u00f3ritas Espa\u00f3ola responde a la llamada de emergencia de C\u00f3ritas Jerusal\u00f3n"},"content":{"rendered":"<div>Desde que el pasado 7 de julio comenzaran los ataques, que han costado la vida a m\u00e1s de 1.200 personas y han obligado a otras 150.000 a abandonar sus hogares, la Iglesia y la C\u00e1ritas locales est\u00e1n prestando toda la ayuda que pueden a las personas heridas, a los ni\u00f1os que sufren traumas psicol\u00f3gicos o a las familias que han huido de sus casas. Han abierto sus escuelas y sus centros m\u00e9dicos para que se refugiasen all\u00ed los desplazados, y han repartido mantas y comida entre los m\u00e1s necesitados.<\/div>\n<div>\u00a0<\/div>\n<div>\n<div>Pero no es suficiente, porque el personal y los recursos de C\u00e1ritas en Gaza son muy limitados, y las necesidades muy grandes. \u201cEs necesaria una intervenci\u00f3n urgente en esta crisis humanitaria porque la precariedad de la poblaci\u00f3n es cada d\u00eda m\u00e1s acuciante; hay da\u00f1os y destrucci\u00f3n por toda la Franja\u201d, se lamenta el Padre Raed Abusahlia, director de Caritas Jerusal\u00e9n, que tambi\u00e9n confiesa estar \u201cprofundamente preocupado\u201d por lo que queda de la peque\u00f1a comunidad cristiana en Gaza, unas 2.000 personas. El pasado 29 de julio la Parroquia cat\u00f3lica de la Sagrada Familia, donde se refugian 29 ni\u00f1os discapacitados y nueve ancianas cuidadas por tres monjas, fue bombardeada, y resulto destruida la casa de las monjas, la antigua escuela, la oficina del p\u00e1rroco y otros locales usados para fines sociales. Afortunadamente, no hubo v\u00edctimas.<\/div>\n<div>\u00a0<\/div>\n<div>Fuente: caritas.es<\/div>\n<div>\u00a0<\/div>\n<div>El llamamiento de emergencia que ha lanzado C\u00e1ritas Jerusal\u00e9n a toda la red internacional de C\u00e1ritas por valor de 1,13 millones de euros, ayudar\u00e1 a atender de manera inmediata a 56.000 personas.Se repartir\u00e1n mantas, comida, kits de higiene, instrumental m\u00e9dico y carburante para los generadores de luz, especialmente en los hospitales.<\/div>\n<div>\u00a0<\/div>\n<div>Adem\u00e1s, se reforzar\u00e1 el programa de salud que C\u00e1ritas Jerusal\u00e9n tiene en Palestina para poder asistir a los miles de heridos por las bombas y a los ni\u00f1os que han sufrido traumas por la p\u00e9rdida de sus casas, escuelas o familiares. Desde hace varios a\u00f1os y con la colaboraci\u00f3n, entre otros socios internacionales, de C\u00e1ritas Espa\u00f1ola y varias C\u00e1ritas Diocesanas, gestiona un centro de salud y una cl\u00ednica m\u00f3vil que ofrecen atenci\u00f3n m\u00e9dica y psicol\u00f3gica en zonas rurales y aisladas por el muro de separaci\u00f3n o por los controles militares israel\u00edes.<\/div>\n<div>\u00a0<\/div>\n<div>C\u00e1ritas Espa\u00f1ola aportar\u00e1 60.000 euros, para colaborar durante los pr\u00f3ximos seis meses en el reparto de art\u00edculos y servicios higi\u00e9nico-m\u00e9dicos entre 2.700 personas.<\/div>\n<div>\u00a0<\/div>\n<div>C\u00e1ritas Espa\u00f1ola, inspirada por \u00a0las exhortaciones de Caritas Internationalis y del Papa Francisco quiere pedir la paz en Tierra Santa.<\/div>\n<div>\u00a0<\/div>\n<div>\u00ab\u00a1Por favor, paren! Se lo pido con todo mi coraz\u00f3n\u201d, suplicaba el Santo Padre durante la oraci\u00f3n del \u00c1ngelus del pasado domingo ante una plaza de San Pedro abarrotada de fieles.<\/div>\n<div>\u00a0<\/div>\n<div>\u00a0\u201cCon esta situaci\u00f3n solo se consigue sufrimiento, p\u00e9rdidas de vidas humanas, graves violaciones de los derechos humanos y da\u00f1os profundos en las personas implicadas \u2013afirma Michel Roy, secretario general de Caritas Internationalis\u2013; tenemos que creer en un futuro com\u00fan para israel\u00edes y palestinos y, como parte de la comunidad internacional, hemos de trabajar a todos los niveles, tanto pol\u00edtico y diplom\u00e1tico, como humanitario y espiritual, para asegurarnos de que haya una oportunidad para alcanzar la paz en Tierra Santa\u201d.<\/div>\n<div>\u00a0<\/div>\n<div>La Confederaci\u00f3n C\u00e1ritas Espa\u00f1ola, que colabora con C\u00e1ritas Jerusal\u00e9n desde hace m\u00e1s de 10 a\u00f1os en diversos programas de cooperaci\u00f3n al desarrollo, emergencias y promoci\u00f3n de la paz. En todos estos \u00e1mbitos de trabajo, hemos podido constatar que el camino m\u00e1s corto para la resoluci\u00f3n de este conflicto, pasa por el di\u00e1logo, la justicia y el respeto a los derechos humanos.<\/div>\n<div>\u00a0<\/div>\n<\/div>\n<p><a href=\"http:\/\/web.hilo.org.pe\/wp-content\/uploads\/20140805_caritasespanola.jpg\" target=\"_blank\" rel=\"noopener\">Ver archivo adjunto<\/a><\/p>\n","protected":false},"excerpt":{"rendered":"<p>Desde que el pasado 7 de julio comenzaran los ataques, que han costado la vida a m?s de 1.200 personas y han obligado a otras 150.000 a abandonar sus hogares, la Iglesia y la C?ritas locales est?n prestando toda la ayuda que pueden a las personas heridas, a los ni?os que sufren traumas psicol?gicos o a las familias que han huido de sus casas. Han abierto sus escuelas y sus centros m?dicos para que se refugiasen all? los desplazados, y han repartido mantas y comida entre los m?s necesitados.<\/p>\n","protected":false},"author":1,"featured_media":0,"comment_status":"closed","ping_status":"closed","sticky":false,"template":"","format":"standard","meta":{"footnotes":""},"categories":[9],"tags":[],"class_list":["post-1900","post","type-post","status-publish","format-standard","hentry","category-noticias"],"_links":{"self":[{"href":"https:\/\/ceas.org.pe\/index.php\/wp-json\/wp\/v2\/posts\/1900","targetHints":{"allow":["GET"]}}],"collection":[{"href":"https:\/\/ceas.org.pe\/index.php\/wp-json\/wp\/v2\/posts"}],"about":[{"href":"https:\/\/ceas.org.pe\/index.php\/wp-json\/wp\/v2\/types\/post"}],"author":[{"embeddable":true,"href":"https:\/\/ceas.org.pe\/index.php\/wp-json\/wp\/v2\/users\/1"}],"replies":[{"embeddable":true,"href":"https:\/\/ceas.org.pe\/index.php\/wp-json\/wp\/v2\/comments?post=1900"}],"version-history":[{"count":1,"href":"https:\/\/ceas.org.pe\/index.php\/wp-json\/wp\/v2\/posts\/1900\/revisions"}],"predecessor-version":[{"id":7318,"href":"https:\/\/ceas.org.pe\/index.php\/wp-json\/wp\/v2\/posts\/1900\/revisions\/7318"}],"wp:attachment":[{"href":"https:\/\/ceas.org.pe\/index.php\/wp-json\/wp\/v2\/media?parent=1900"}],"wp:term":[{"taxonomy":"category","embeddable":true,"href":"https:\/\/ceas.org.pe\/index.php\/wp-json\/wp\/v2\/categories?post=1900"},{"taxonomy":"post_tag","embeddable":true,"href":"https:\/\/ceas.org.pe\/index.php\/wp-json\/wp\/v2\/tags?post=1900"}],"curies":[{"name":"wp","href":"https:\/\/api.w.org\/{rel}","templated":true}]}}