{"id":1899,"date":"2014-08-04T10:09:38","date_gmt":"2014-08-04T10:09:38","guid":{"rendered":""},"modified":"2026-03-11T09:12:21","modified_gmt":"2026-03-11T14:12:21","slug":"santa-sede-envoa-nota-a-sus-embajadas-por-guerra-en-medio-oriente","status":"publish","type":"post","link":"https:\/\/ceas.org.pe\/index.php\/2014\/08\/04\/santa-sede-envoa-nota-a-sus-embajadas-por-guerra-en-medio-oriente\/","title":{"rendered":"Santa Sede env\u00f3a nota a sus embajadas por guerra en Medio Oriente"},"content":{"rendered":"<div>La Secretar\u00eda de Estado ha enviado a las embajadas acreditadas ante la Santa Sede una \u201cNota verbal\u201d para recordar los recientes llamamientos sobre Oriente Medio que el Papa Francisco dirigi\u00f3 tras los \u00faltimos \u00c1ngelus.<\/div>\n<div>\u00a0<\/div>\n<div>Por su parte, el Arzobispo Dominique Mamberti, Secretario para las Relaciones con los Estados, explica a Radio Vaticana c\u00f3mo ve la Santa Sede lo que les est\u00e1 sucediendo actualmente con los cristianos en esa zona. El Prelado afirm\u00f3 que \u201cobviamente la Secretar\u00eda de Estado sigue la situaci\u00f3n de las comunidades cristianas en Oriente Medio con grand\u00edsima preocupaci\u00f3n\u201d.\u00a0<\/div>\n<div>\u00a0<\/div>\n<div>Dijo que las comunidades cristianas est\u00e1n sufriendo injustamente, tienen miedo, y muchos cristianos se han visto obligados a emigrar. S\u00f3lo en Mosul -se\u00f1al\u00f3- casi treinta iglesias y monasterios fueron ocupados y da\u00f1ados por los extremistas que han quitado las cruces.\u00a0<\/div>\n<div>\u00a0<\/div>\n<div>\u201cPor primera vez en tantos a\u00f1os no se pudo celebrar la Santa Misa el domingo. Es necesario recordar que en Irak, como en los dem\u00e1s pa\u00edses de Oriente Medio, los cristianos est\u00e1n presentes desde el inicio de la historia de la Iglesia y han tenido un papel significativo en el desarrollo de la sociedad y quieren sencillamente seguir estando presentes como art\u00edfices de paz y de reconciliaci\u00f3n\u201d, dijo.<\/div>\n<div>\u00a0<\/div>\n<div>Monse\u00f1or Mamberti explic\u00f3 de qu\u00e9 forma la Santa Sede trabaja para aliviar la situaci\u00f3n. \u201cAnte todo, el mismo Santo Padre ha manifestado en varias ocasiones, y de modo conmovido, la cercan\u00eda a las comunidades cristianas, en particular a las familias de Mosul, invitando a todos a rezar por ellos. Tambi\u00e9n ha expresado personalmente su cercan\u00eda a trav\u00e9s de algunos de los responsables religiosos, entre los cuales el Patriarca caldeo de Babilonia y del Patriarca sirio de Antioqu\u00eda, animando a los pastores y a los fieles a ser fuertes en la esperanza.<\/div>\n<div>\u00a0<\/div>\n<div>Adem\u00e1s, la Secretar\u00eda de Estado, a trav\u00e9s de sus propios canales diplom\u00e1ticos, sigue impulsando la atenci\u00f3n de las autoridades internacionales y de los gobiernos ante la suerte de estos hermanos nuestros, y se ha enviado una \u201cNota verbal\u201d a todas las embajadas acreditadas ante la Santa Sede con el texto de los \u00faltimos llamamientos del Santo Padre relacionados tambi\u00e9n, m\u00e1s en general, a la situaci\u00f3n en Oriente Medio, con la petici\u00f3n de hacer presente el mensaje a sus respectivos gobiernos.\u00a0<\/div>\n<div>\u00a0<\/div>\n<div>Finalmente, el Secretario para las Relaciones con los Estados de la Santa Sede observa que la situaci\u00f3n que est\u00e1 viviendo la Franja de Gaza es \u201ctr\u00e1gica y muy triste\u201d y advierte que \u201cse corre el riesgo de habituarse y de considerarla casi como inevitable, lo que no ser\u00eda justo\u201d.<\/div>\n<div>\u00a0<\/div>\n<div>(Fuente; CEP)<\/div>\n<p><a href=\"http:\/\/web.hilo.org.pe\/wp-content\/uploads\/logo vaticano.jpg\" target=\"_blank\" rel=\"noopener\">Ver archivo adjunto<\/a><\/p>\n","protected":false},"excerpt":{"rendered":"<p>La Secretar?a de Estado ha enviado a las embajadas acreditadas ante la Santa Sede una ?Nota verbal? para recordar los recientes llamamientos sobre Oriente Medio que el Papa Francisco dirigi? tras los ?ltimos ?ngelus.<\/p>\n","protected":false},"author":1,"featured_media":8010,"comment_status":"closed","ping_status":"closed","sticky":false,"template":"","format":"standard","meta":{"footnotes":""},"categories":[9],"tags":[],"class_list":["post-1899","post","type-post","status-publish","format-standard","has-post-thumbnail","hentry","category-noticias"],"_links":{"self":[{"href":"https:\/\/ceas.org.pe\/index.php\/wp-json\/wp\/v2\/posts\/1899","targetHints":{"allow":["GET"]}}],"collection":[{"href":"https:\/\/ceas.org.pe\/index.php\/wp-json\/wp\/v2\/posts"}],"about":[{"href":"https:\/\/ceas.org.pe\/index.php\/wp-json\/wp\/v2\/types\/post"}],"author":[{"embeddable":true,"href":"https:\/\/ceas.org.pe\/index.php\/wp-json\/wp\/v2\/users\/1"}],"replies":[{"embeddable":true,"href":"https:\/\/ceas.org.pe\/index.php\/wp-json\/wp\/v2\/comments?post=1899"}],"version-history":[{"count":1,"href":"https:\/\/ceas.org.pe\/index.php\/wp-json\/wp\/v2\/posts\/1899\/revisions"}],"predecessor-version":[{"id":7319,"href":"https:\/\/ceas.org.pe\/index.php\/wp-json\/wp\/v2\/posts\/1899\/revisions\/7319"}],"wp:featuredmedia":[{"embeddable":true,"href":"https:\/\/ceas.org.pe\/index.php\/wp-json\/wp\/v2\/media\/8010"}],"wp:attachment":[{"href":"https:\/\/ceas.org.pe\/index.php\/wp-json\/wp\/v2\/media?parent=1899"}],"wp:term":[{"taxonomy":"category","embeddable":true,"href":"https:\/\/ceas.org.pe\/index.php\/wp-json\/wp\/v2\/categories?post=1899"},{"taxonomy":"post_tag","embeddable":true,"href":"https:\/\/ceas.org.pe\/index.php\/wp-json\/wp\/v2\/tags?post=1899"}],"curies":[{"name":"wp","href":"https:\/\/api.w.org\/{rel}","templated":true}]}}