{"id":1896,"date":"2014-08-01T09:31:57","date_gmt":"2014-08-01T09:31:57","guid":{"rendered":""},"modified":"2026-03-11T09:12:21","modified_gmt":"2026-03-11T14:12:21","slug":"crisis-de-gaza-mensaje-del-presidente-de-caritas-internacional","status":"publish","type":"post","link":"https:\/\/ceas.org.pe\/index.php\/2014\/08\/01\/crisis-de-gaza-mensaje-del-presidente-de-caritas-internacional\/","title":{"rendered":"Crisis de Gaza: Mensaje del Presidente de Caritas Internacional"},"content":{"rendered":"<div>El Arzobispo de Teguciglapa y Presidente de Caritas Internacional, Card. Oscar Rodr\u00edguez Maradiaga firma una reflexi\u00f3n en la que exhorta \u00abal alto el fuego permanente, aunque sea solo un primer paso en el camino hacia una paz justa, que se base en negociaciones inclusivas en toda la regi\u00f3n\u00bb.<\/div>\n<div>\u00a0<\/div>\n<div>\u00ab\u201cQue (&#8230;) Cristo encienda las voluntades de todos los hombres para echar por tierra las barreras que dividen a los unos de los otros, para estrechar los v\u00ednculos de la mutua caridad, para fomentar la rec\u00edproca comprensi\u00f3n, para perdonar, en fin, a cuantos nos hayan injuriado\u201d.\u00bb<\/div>\n<div>\u00a0<\/div>\n<div>Citando estas palabras de San Juan XXIII \u2013 en la Pacem in Terris, el Card. Rodr\u00edguez Maradiaga se\u00f1ala que \u00abdesde comienzos de julio, casi dos millones de palestinos en Gaza y parte de la poblaci\u00f3n israel\u00ed se han visto atrapados en una devastadora guerra\u00bb.<\/div>\n<div>\u00a0<\/div>\n<div>Y destaca que \u00abla poblaci\u00f3n no tiene un lugar seguro para refugiarse, cuando caen las bombas en aquella peque\u00f1a franja de tierra, densamente poblada, que es Gaza. All\u00ed ven a sus hijos asesinados, sus barrios arrasados y sus esperanzas de paz futuras destrozadas\u00bb.<\/div>\n<div>\u00abEl campo de batalla son barrios llenos de ni\u00f1os, mujeres y hombres. Con hospitales abarrotados de heridos y muertos, escuelas bombardeadas, incluso cuando sirven como refugio\u00bb, escribe tambi\u00e9n el Presidente de Caritas Internacional.<\/div>\n<div>\u00a0<\/div>\n<div>\u00abEl camino de la reconciliaci\u00f3n es largo, pero inicia dentro de nosotros mismos. Israel y Ham\u00e1s, \u00bfc\u00f3mo es que miran ustedes la brizna de paja que hay en el ojo de su hermano, y no reparan en la viga que hay en el propio? Lo que deber\u00edan hacer es deponer las armas y tomar unos binoculares, para comprobar que la mayor\u00eda de sus v\u00edctimas son personas inocentes\u00bb.<\/div>\n<div>Recordando que \u00ab\u00e9sta es la tercera guerra en cinco a\u00f1os, entre Israel y los activistas de Gaza\u00bb, la reflexi\u00f3n del purpurado a\u00f1ade tambi\u00e9n que \u00ablos palestinos de Gaza ya viven una vida en la que escasea el suministro de agua, la mayor parte de la comida proviene de las organizaciones humanitarias y est\u00e1 fuera del alcance de sus habitantes la dignidad de poder tener un trabajo\u00bb.<\/div>\n<div>\u00a0<\/div>\n<div>\u00abCaritas facilita ayuda material y espiritual a la poblaci\u00f3n de Gaza, en momentos de necesidad y desesperaci\u00f3n. Exhortamos a que se levante el bloqueo de Gaza y se permita a sus habitantes proteger su propia vida y medios de sustento, con el fin de poder vivir una vida digna\u00bb.<\/div>\n<div>El Card. Rodr\u00edguez Maradiaga recuerda tambi\u00e9n que \u00abcuando recientemente encontr\u00f3 a los presidentes de Israel y Palestina en el Vaticano, el Papa Francisco dijo: \u201cPara conseguir la paz, se necesita valor, mucho m\u00e1s que para hacer la guerra. Se necesita valor para decir s\u00ed al encuentro y no al enfrentamiento; s\u00ed al di\u00e1logo y no a la violencia; s\u00ed a la negociaci\u00f3n y no a la hostilidad; s\u00ed al respeto de los pactos y no a las provocaciones; s\u00ed a la sinceridad y no a la doblez\u201d.\u00bb<\/div>\n<div>\u00a0<\/div>\n<div>\u00abComo Caritas, rezamos por la paz en Tierra Santa. Rezamos por las familias palestinas e israel\u00edes que han perdido a sus hijos, madres y hermanos y por los que han resultado muertos. Nuestras oraciones se elevan por los ni\u00f1os que viven en el terror, cuyas cicatrices mentales seguir\u00e1n siendo profundas, incluso mucho tiempo despu\u00e9s de que termine esta guerra\u00bb.<\/div>\n<div>\u00a0<\/div>\n<div>\u00abLa Confederaci\u00f3n Caritas env\u00eda su cari\u00f1o y solidaridad a los empleados de Caritas que arriesgan su vida cada d\u00eda trabajando en Gaza. Son personas que trabajan humildemente y sin tregua al servicio de Jes\u00fas, en las condiciones m\u00e1s dif\u00edciles que se puedan ustedes imaginar. \u00a1Que Dios les acompa\u00f1e en cada paso que den! Tambi\u00e9n rezamos por nuestros compa\u00f1eros de Caritas Jerusal\u00e9n y el apoyo vital que ellos ofrecen constantemente a los compa\u00f1eros que trabajan en el terreno\u00bb.<\/div>\n<div>\u00a0<\/div>\n<div>Antes de firmar su reflexi\u00f3n, \u00abMientras conmemoramos el Centenario de la I Guerra Mundial\u00bb el Cardenal Rodr\u00edguez Maradiaga evoca asimismo las palabras del Papa Benedicto XV: \u201cLa fuerza puede reprimir el cuerpo, pero no puede reprimir las almas de los hombres\u201d. Rezamos para que a pesar de estos tiempos terribles de guerra y opresi\u00f3n, las almas de los palestinos y los israel\u00edes sigan siendo libres para creer en un futuro de justicia y paz\u00bb.\u00a0<\/div>\n<div>\u00a0<\/div>\n<div>Fuente: News.va<\/div>\n<p>\u00a0<\/p>\n<p><a href=\"http:\/\/web.hilo.org.pe\/wp-content\/uploads\/gaza.jpg\" target=\"_blank\" rel=\"noopener\">Ver archivo adjunto<\/a><\/p>\n","protected":false},"excerpt":{"rendered":"<p>El Arzobispo de Teguciglapa y Presidente de Caritas Internacional, Card. Oscar Rodr?guez Maradiaga firma una reflexi?n en la que exhorta ?al alto el fuego permanente, aunque sea solo un primer paso en el camino hacia una paz justa, que se base en negociaciones inclusivas en toda la regi?n?.<\/p>\n","protected":false},"author":1,"featured_media":7973,"comment_status":"closed","ping_status":"closed","sticky":false,"template":"","format":"standard","meta":{"footnotes":""},"categories":[9],"tags":[],"class_list":["post-1896","post","type-post","status-publish","format-standard","has-post-thumbnail","hentry","category-noticias"],"_links":{"self":[{"href":"https:\/\/ceas.org.pe\/index.php\/wp-json\/wp\/v2\/posts\/1896","targetHints":{"allow":["GET"]}}],"collection":[{"href":"https:\/\/ceas.org.pe\/index.php\/wp-json\/wp\/v2\/posts"}],"about":[{"href":"https:\/\/ceas.org.pe\/index.php\/wp-json\/wp\/v2\/types\/post"}],"author":[{"embeddable":true,"href":"https:\/\/ceas.org.pe\/index.php\/wp-json\/wp\/v2\/users\/1"}],"replies":[{"embeddable":true,"href":"https:\/\/ceas.org.pe\/index.php\/wp-json\/wp\/v2\/comments?post=1896"}],"version-history":[{"count":1,"href":"https:\/\/ceas.org.pe\/index.php\/wp-json\/wp\/v2\/posts\/1896\/revisions"}],"predecessor-version":[{"id":7322,"href":"https:\/\/ceas.org.pe\/index.php\/wp-json\/wp\/v2\/posts\/1896\/revisions\/7322"}],"wp:featuredmedia":[{"embeddable":true,"href":"https:\/\/ceas.org.pe\/index.php\/wp-json\/wp\/v2\/media\/7973"}],"wp:attachment":[{"href":"https:\/\/ceas.org.pe\/index.php\/wp-json\/wp\/v2\/media?parent=1896"}],"wp:term":[{"taxonomy":"category","embeddable":true,"href":"https:\/\/ceas.org.pe\/index.php\/wp-json\/wp\/v2\/categories?post=1896"},{"taxonomy":"post_tag","embeddable":true,"href":"https:\/\/ceas.org.pe\/index.php\/wp-json\/wp\/v2\/tags?post=1896"}],"curies":[{"name":"wp","href":"https:\/\/api.w.org\/{rel}","templated":true}]}}