{"id":1891,"date":"2014-07-30T09:55:50","date_gmt":"2014-07-30T09:55:50","guid":{"rendered":""},"modified":"2026-03-11T09:12:21","modified_gmt":"2026-03-11T14:12:21","slug":"callao-odec-condecoro-a-profesores-de-osiguiendo-las-huella-de-jesoso","status":"publish","type":"post","link":"https:\/\/ceas.org.pe\/index.php\/2014\/07\/30\/callao-odec-condecoro-a-profesores-de-osiguiendo-las-huella-de-jesoso\/","title":{"rendered":"Callao: ODEC condecor\u00f3 a profesores de \u00f3Siguiendo las huella de Jes\u00f3s\u00f3"},"content":{"rendered":"<div>La Oficina Diocesana de Educaci\u00f3n Cat\u00f3lica (ODEC) del Callao entreg\u00f3 un reconocimiento a los profesores de las instituciones educativas de Primer Puerto, a trav\u00e9s de la Premiaci\u00f3n \u201cSiguiendo las huella de Jes\u00fas\u201d. Este galard\u00f3n fue otorgado a los profesores de educaci\u00f3n religiosa que han sobresalido en diferentes aspectos de la Misi\u00f3n Evangelizadora. La ceremonia se realiz\u00f3 en el auditorio del CETPRO \u201cVirgen del Carmen de la Legua\u201d.<\/div>\n<div>\u00a0<\/div>\n<div>Asimismo, se premiaron a las autoridades que apoyan desinteresadamente la labor en beneficio de la ni\u00f1ez y la juventud en la Provincia Constitucional del Callao.<\/div>\n<div>\u00a0<\/div>\n<div>La ceremonia cont\u00f3 con la presencia del Obispo del Callao, Monse\u00f1or Jos\u00e9 Luis del Palacio, quien adem\u00e1s es el principal gestor de toda la din\u00e1mica educativa en los colegios parroquiales de cara a la Nueva Evangelizaci\u00f3n.<\/div>\n<div>\u00a0<\/div>\n<div>Por su parte, la Directora de la ODEC-Callao, Bertha Terrazas manifest\u00f3 su alegr\u00eda y agradecimiento por la labor que desempe\u00f1an los docentes de educaci\u00f3n religiosa, quienes muchas veces se enfrentan a diversas dificultades en su labor de la ense\u00f1anza y la defensa de la fe. (Fuente: CEP)<\/div>\n<p><a href=\"http:\/\/web.hilo.org.pe\/wp-content\/uploads\/callao.jpg\" target=\"_blank\" rel=\"noopener\">Ver archivo adjunto<\/a><\/p>\n","protected":false},"excerpt":{"rendered":"<p>La Oficina Diocesana de Educaci?n Cat?lica (ODEC) del Callao entreg? un reconocimiento a los profesores de las instituciones educativas de Primer Puerto, a trav?s de la Premiaci?n ?Siguiendo las huella de Jes?s?. Este galard?n fue otorgado a los profesores de educaci?n religiosa que han sobresalido en diferentes aspectos de la Misi?n Evangelizadora. La ceremonia se realiz? en el auditorio del CETPRO ?Virgen del Carmen de la Legua?.<\/p>\n","protected":false},"author":1,"featured_media":7943,"comment_status":"closed","ping_status":"closed","sticky":false,"template":"","format":"standard","meta":{"footnotes":""},"categories":[9],"tags":[],"class_list":["post-1891","post","type-post","status-publish","format-standard","has-post-thumbnail","hentry","category-noticias"],"_links":{"self":[{"href":"https:\/\/ceas.org.pe\/index.php\/wp-json\/wp\/v2\/posts\/1891","targetHints":{"allow":["GET"]}}],"collection":[{"href":"https:\/\/ceas.org.pe\/index.php\/wp-json\/wp\/v2\/posts"}],"about":[{"href":"https:\/\/ceas.org.pe\/index.php\/wp-json\/wp\/v2\/types\/post"}],"author":[{"embeddable":true,"href":"https:\/\/ceas.org.pe\/index.php\/wp-json\/wp\/v2\/users\/1"}],"replies":[{"embeddable":true,"href":"https:\/\/ceas.org.pe\/index.php\/wp-json\/wp\/v2\/comments?post=1891"}],"version-history":[{"count":1,"href":"https:\/\/ceas.org.pe\/index.php\/wp-json\/wp\/v2\/posts\/1891\/revisions"}],"predecessor-version":[{"id":7327,"href":"https:\/\/ceas.org.pe\/index.php\/wp-json\/wp\/v2\/posts\/1891\/revisions\/7327"}],"wp:featuredmedia":[{"embeddable":true,"href":"https:\/\/ceas.org.pe\/index.php\/wp-json\/wp\/v2\/media\/7943"}],"wp:attachment":[{"href":"https:\/\/ceas.org.pe\/index.php\/wp-json\/wp\/v2\/media?parent=1891"}],"wp:term":[{"taxonomy":"category","embeddable":true,"href":"https:\/\/ceas.org.pe\/index.php\/wp-json\/wp\/v2\/categories?post=1891"},{"taxonomy":"post_tag","embeddable":true,"href":"https:\/\/ceas.org.pe\/index.php\/wp-json\/wp\/v2\/tags?post=1891"}],"curies":[{"name":"wp","href":"https:\/\/api.w.org\/{rel}","templated":true}]}}