{"id":1890,"date":"2014-07-30T09:52:20","date_gmt":"2014-07-30T09:52:20","guid":{"rendered":""},"modified":"2026-03-11T09:12:21","modified_gmt":"2026-03-11T14:12:21","slug":"por-un-pero-constructor-de-esperanza","status":"publish","type":"post","link":"https:\/\/ceas.org.pe\/index.php\/2014\/07\/30\/por-un-pero-constructor-de-esperanza\/","title":{"rendered":"\u00abPor un Per\u00f3 constructor de esperanza\u00bb"},"content":{"rendered":"<div>Al celebrar este 28 de julio, el 193\u00ba aniversario de la Proclamaci\u00f3n de la Independencia de nuestra naci\u00f3n, deseo saludar a todos los hombres y mujeres del vasto territorio nacional, que con empe\u00f1o, sacrificio y dedicaci\u00f3n, forjan d\u00eda a d\u00eda un futuro digno para ellos, para sus familias y por lo tanto para el Pa\u00eds.<\/div>\n<div>\u00a0<\/div>\n<div>La grandeza del Per\u00fa est\u00e1 hecha por el trabajo an\u00f3nimo de miles de peruanos, as\u00ed como por las grandes haza\u00f1as de sus h\u00e9roes. Por eso, en esta fecha recordamos junto con el diario sacrificio del humilde campesino y del valiente emprendedor, el sacrificio de quienes escribieron las p\u00e1ginas m\u00e1s sublimes de la historia de nuestro Per\u00fa: Miguel Grau, Francisco Bolognesi, Jos\u00e9 Abelardo Qui\u00f1onez, Micaela Bastidas, Alfonso Ugarte y muchos otros peruanos y peruanas que dieron su vida por el pa\u00eds, para que su ejemplo se mantenga vivo en todos nosotros, sobre todo en las nuevas generaciones.<\/div>\n<div>\u00a0<\/div>\n<div>Hoy en d\u00eda, los peruanos seguimos librando una nueva batalla contra el ego\u00edsmo, el hedonismo y el relativismo, que menoscaba nuestra identidad como peruanos, destruye la imagen natural y b\u00edblica de la familia, c\u00e9lula b\u00e1sica de la sociedad; amenaza el matrimonio como un sacramento entre un hombre y una mujer; y extiende su amenaza contra vida de peruanos indefensos que se forman en el vientre materno. Nuestros grandes h\u00e9roes no se hicieron grandes por un solo momento de hero\u00edsmo, ellos fueron h\u00e9roes en lo cotidiano, respondiendo con fidelidad a su conciencia, defendiendo los valores inalienables del hombre, sosteniendo la estructura de la sociedad desde la familia, condici\u00f3n sin la cual la estructura social es fr\u00e1gil y se empobrece.<\/div>\n<div>\u00a0<\/div>\n<div>No podemos olvidar, sin embargo, que nuestro Per\u00fa vive un momento privilegiado en su historia que abre la ventana de la esperanza a los horizontes del primer mundo. La riqueza de nuestros recursos naturales, la belleza de nuestra geograf\u00eda y sobretodo la calidad de sus hijos e hijas, son el mejor potencial, que bien guiado, nos dar\u00e1 la alegr\u00eda de ver cumplido el anhelo de ver la pobreza superada, la violencia vencida y nuestras calles bendecidas por la paz. Los desaf\u00edos que hoy retan el compromiso de nuestras autoridades y de todos los peruanos, los podremos superar con el aprecio mutuo entre todos los ciudadanos, alej\u00e1ndonos de todo tipo de discriminaci\u00f3n; con el respeto reverente a nuestras sanas tradiciones, que guardan nuestra peruanidad y con el compromiso sincero de cada peruano para alcanzar, la honestidad, la transparencia, la justicia y la paz.<\/div>\n<div>\u00a0<\/div>\n<div>Que el Se\u00f1or de los Milagros, por la intercesi\u00f3n de Nuestra Se\u00f1ora de la Merced, y de los santos peruanos, Santa Rosa de Lima y San Mart\u00edn de Porres, derrame sus bendiciones en cada uno de ustedes y en cada hogar peruano de todo el territorio nacional y de los compatriotas que viven en el extranjero.<\/div>\n<div>\u00a0<\/div>\n<div>\u00a1\u00a1Felices Fiestas Patrias. Viva el Per\u00fa!!\u00a0<\/div>\n<div>\u00a0<\/div>\n<div>Lima, 25 de julio de 2014<\/div>\n<div>\u00a0<\/div>\n<div>+ Salvador Pi\u00f1eiro Garc\u00eda Calder\u00f3n<\/div>\n<div>Arzobispo de Ayacucho<\/div>\n<div>Presidente de la Conferencia Episcopal Peruana<\/div>\n<div>\u00a0<\/div>\n<p><a href=\"http:\/\/web.hilo.org.pe\/wp-content\/uploads\/logo conferencia.jpg\" target=\"_blank\" rel=\"noopener\">Ver archivo adjunto<\/a><\/p>\n","protected":false},"excerpt":{"rendered":"<p>Al celebrar este 28 de julio, el 193? aniversario de la Proclamaci?n de la Independencia de nuestra naci?n, deseo saludar a todos los hombres y mujeres del vasto territorio nacional, que con empe?o, sacrificio y dedicaci?n, forjan d?a a d?a un futuro digno para ellos, para sus familias y por lo tanto para el Pa?s.<\/p>\n","protected":false},"author":1,"featured_media":8009,"comment_status":"closed","ping_status":"closed","sticky":false,"template":"","format":"standard","meta":{"footnotes":""},"categories":[9],"tags":[],"class_list":["post-1890","post","type-post","status-publish","format-standard","has-post-thumbnail","hentry","category-noticias"],"_links":{"self":[{"href":"https:\/\/ceas.org.pe\/index.php\/wp-json\/wp\/v2\/posts\/1890","targetHints":{"allow":["GET"]}}],"collection":[{"href":"https:\/\/ceas.org.pe\/index.php\/wp-json\/wp\/v2\/posts"}],"about":[{"href":"https:\/\/ceas.org.pe\/index.php\/wp-json\/wp\/v2\/types\/post"}],"author":[{"embeddable":true,"href":"https:\/\/ceas.org.pe\/index.php\/wp-json\/wp\/v2\/users\/1"}],"replies":[{"embeddable":true,"href":"https:\/\/ceas.org.pe\/index.php\/wp-json\/wp\/v2\/comments?post=1890"}],"version-history":[{"count":1,"href":"https:\/\/ceas.org.pe\/index.php\/wp-json\/wp\/v2\/posts\/1890\/revisions"}],"predecessor-version":[{"id":7328,"href":"https:\/\/ceas.org.pe\/index.php\/wp-json\/wp\/v2\/posts\/1890\/revisions\/7328"}],"wp:featuredmedia":[{"embeddable":true,"href":"https:\/\/ceas.org.pe\/index.php\/wp-json\/wp\/v2\/media\/8009"}],"wp:attachment":[{"href":"https:\/\/ceas.org.pe\/index.php\/wp-json\/wp\/v2\/media?parent=1890"}],"wp:term":[{"taxonomy":"category","embeddable":true,"href":"https:\/\/ceas.org.pe\/index.php\/wp-json\/wp\/v2\/categories?post=1890"},{"taxonomy":"post_tag","embeddable":true,"href":"https:\/\/ceas.org.pe\/index.php\/wp-json\/wp\/v2\/tags?post=1890"}],"curies":[{"name":"wp","href":"https:\/\/api.w.org\/{rel}","templated":true}]}}