{"id":1888,"date":"2014-07-25T09:18:21","date_gmt":"2014-07-25T09:18:21","guid":{"rendered":""},"modified":"2026-03-11T09:12:21","modified_gmt":"2026-03-11T14:12:21","slug":"reconocen-participacion-de-mclcp-en-proyecto-para-mejorar-la-nutricion-infantil","status":"publish","type":"post","link":"https:\/\/ceas.org.pe\/index.php\/2014\/07\/25\/reconocen-participacion-de-mclcp-en-proyecto-para-mejorar-la-nutricion-infantil\/","title":{"rendered":"Reconocen participaci\u00f3n de MCLCP en proyecto para mejorar la nutrici\u00f3n infantil"},"content":{"rendered":"<p>\u00a0La Mesa de Concertaci\u00f3n para la Lucha contra la Pobreza fue reconocida por su participaci\u00f3n en el Comit\u00e9 de Articulaci\u00f3n del Proyecto \u00abModelo de Intervenci\u00f3n Participativa para Mejorar la Nutrici\u00f3n Infantil\u00bb, ejecutado por el Fondo de las Am\u00e9ricas, en 20 distritos pobres (la selecci\u00f3n incluy\u00f3 200 comunidades) que son \u00e1mbito del programa Juntos, de las regiones de Amazonas, Cajamarca y Hu\u00e1nuco, en el marco del programa Articulado Nutricional del Ministerio de Econom\u00eda y Finanzas MEF.<\/p>\n<div>\u00a0<\/div>\n<div>Para su ejecuci\u00f3n, el proyecto conform\u00f3 un Comit\u00e9 de Articulaci\u00f3n integrado por el MEF, MINSA, Programa Juntos, MIDIS, CENAN, ParSalud y la MCLCP a nivel nacional. A nivel regional coordin\u00f3 con Micro Redes y Redes de Salud, Direcciones Regionales de Salud, Gobiernos regionales y locales.<\/div>\n<div>\u00a0<\/div>\n<div>El proyecto permiti\u00f3 el desarrollo de herramientas, materiales educativos y de capacitaci\u00f3n para mejorar el desempe\u00f1o del personal de 138 establecimientos de salud, as\u00ed como de agentes comunitarios, autoridades comunales y autoridades distritales para fortalecer la asistencia a pr\u00e1cticas de control de crecimiento y desarrollo infantil, alimentaci\u00f3n desde la lactancia materna, alimentaci\u00f3n complementaria, preparaci\u00f3n de alimentos, administraci\u00f3n de micronutrientes y lavado de manos.<\/div>\n<div>\u00a0<\/div>\n<div>Fuente: www2.mesadeconcertacion.org.pe<\/div>\n<p><a href=\"http:\/\/web.hilo.org.pe\/wp-content\/uploads\/reconocimiento.jpg\" target=\"_blank\" rel=\"noopener\">Ver archivo adjunto<\/a><\/p>\n","protected":false},"excerpt":{"rendered":"<p>La Mesa de Concertaci?n para la Lucha contra la Pobreza fue reconocida por su participaci?n en el Comit? de Articulaci?n del Proyecto \u00abModelo de Intervenci?n Participativa para Mejorar la Nutrici?n Infantil\u00bb, ejecutado por el Fondo de las Am?ricas, en 20 distritos pobres (la selecci?n incluy? 200 comunidades) que son ?mbito del programa Juntos, de las regiones de Amazonas, Cajamarca y Hu?nuco, en el marco del programa Articulado Nutricional del Ministerio de Econom?a y Finanzas MEF.<\/p>\n","protected":false},"author":1,"featured_media":7964,"comment_status":"closed","ping_status":"closed","sticky":false,"template":"","format":"standard","meta":{"footnotes":""},"categories":[9],"tags":[],"class_list":["post-1888","post","type-post","status-publish","format-standard","has-post-thumbnail","hentry","category-noticias"],"_links":{"self":[{"href":"https:\/\/ceas.org.pe\/index.php\/wp-json\/wp\/v2\/posts\/1888","targetHints":{"allow":["GET"]}}],"collection":[{"href":"https:\/\/ceas.org.pe\/index.php\/wp-json\/wp\/v2\/posts"}],"about":[{"href":"https:\/\/ceas.org.pe\/index.php\/wp-json\/wp\/v2\/types\/post"}],"author":[{"embeddable":true,"href":"https:\/\/ceas.org.pe\/index.php\/wp-json\/wp\/v2\/users\/1"}],"replies":[{"embeddable":true,"href":"https:\/\/ceas.org.pe\/index.php\/wp-json\/wp\/v2\/comments?post=1888"}],"version-history":[{"count":1,"href":"https:\/\/ceas.org.pe\/index.php\/wp-json\/wp\/v2\/posts\/1888\/revisions"}],"predecessor-version":[{"id":7330,"href":"https:\/\/ceas.org.pe\/index.php\/wp-json\/wp\/v2\/posts\/1888\/revisions\/7330"}],"wp:featuredmedia":[{"embeddable":true,"href":"https:\/\/ceas.org.pe\/index.php\/wp-json\/wp\/v2\/media\/7964"}],"wp:attachment":[{"href":"https:\/\/ceas.org.pe\/index.php\/wp-json\/wp\/v2\/media?parent=1888"}],"wp:term":[{"taxonomy":"category","embeddable":true,"href":"https:\/\/ceas.org.pe\/index.php\/wp-json\/wp\/v2\/categories?post=1888"},{"taxonomy":"post_tag","embeddable":true,"href":"https:\/\/ceas.org.pe\/index.php\/wp-json\/wp\/v2\/tags?post=1888"}],"curies":[{"name":"wp","href":"https:\/\/api.w.org\/{rel}","templated":true}]}}