{"id":1886,"date":"2014-07-24T09:27:25","date_gmt":"2014-07-24T09:27:25","guid":{"rendered":""},"modified":"2026-03-11T09:12:21","modified_gmt":"2026-03-11T14:12:21","slug":"priorizar-la-comunion-y-desde-allo-concebir-el-trabajo-del-celam","status":"publish","type":"post","link":"https:\/\/ceas.org.pe\/index.php\/2014\/07\/24\/priorizar-la-comunion-y-desde-allo-concebir-el-trabajo-del-celam\/","title":{"rendered":"Priorizar la comuni\u00f3n y desde all\u00f3 concebir el trabajo del CELAM"},"content":{"rendered":"<p>\u00a0Del 22 al 24 de julio se desarrolla en Bogot\u00e1, Colombia, el 4\u00b0 Encuentro de Coordinaci\u00f3n del CELAM, donde participan la Presidencia, Secretar\u00eda General, los Presidentes de Departamentos y Centro de Estudios que constituyen el CELAM junto a los equipos de obispos y secretarios ejecutivos.<\/p>\n<div>\u00a0<\/div>\n<div>\u00a0La motivaci\u00f3n del encuentro son las perspectivas para la finalizaci\u00f3n del cuatrienio 2011-2015. \u00a0El evento se desarrolla bajo el lema \u201cEn orden a que este impulso misionero sea cada vez m\u00e1s intenso, generoso y fecundo, exhorto\u2026 a entrar en un proceso decidido de discernimiento; purificaci\u00f3n y reforma\u201d de la Evangelii Gaudium, N\u00b0 30.<\/div>\n<div>\u00a0<\/div>\n<div>A la luz de la experiencia realizada en este cuatrienio por el equipo de Coordinaci\u00f3n del CELAM, fundada en la comuni\u00f3n fraterna como premisa a cada realidad, en el d\u00eda de ayer su presidente el arzobispo mexicano Carlos Aguiar Retes puso al d\u00eda a los participantes del encuentro que en el mes de mayo la Presidencia tuvo con el Papa Francisco y los dicasterios de la Curia Romana. Realiz\u00f3 una presentaci\u00f3n de las actividades centrales realizadas desde la \u00faltima reuni\u00f3n de coordinaci\u00f3n pasada en R\u00edo de Janeiro hasta el momento, se\u00f1alando los puntos salientes del a\u00f1o transcurrido.<\/div>\n<div>\u00a0<\/div>\n<div>A continuaci\u00f3n el arzobispo de Monterrey, M\u00e9xico, monse\u00f1or Rogelio Cabrera desarroll\u00f3 el tema La comuni\u00f3n misionera seg\u00fan Evangelii Gaudium y desaf\u00edos para nuestras iglesias, y lo hizo desde la profundizaci\u00f3n teol\u00f3gica-pastoral y desde lo testimonial vivido en su propia persona y di\u00f3cesis.<\/div>\n<div>\u00a0<\/div>\n<div>Siguieron momentos de profundizaci\u00f3n a la luz de la Palabra de Dios, y momentos de intensa comuni\u00f3n entre los obispos. Como se\u00f1alaba monse\u00f1or Santiago Silva Retamales, Secretario General del CELAM: dedicar una jornada completa a revisar el compromiso personal y del grupo en su totalidad a la luz de la comuni\u00f3n en un encuentro que se podr\u00eda llamar de balance y perspectivas hac\u00eda un momento de reconsignar el CELAM en el 2015 a la nueva directiva, no deja de ser un desaf\u00edo. Sin embargo marca el anhelo profundo por parte de todos de priorizar la esencia del ministerio del obispo y del cuerpo de los obispos en el CELAM. Convencidos de que solo desde el priorizar una comuni\u00f3n afectiva y efectiva se puede servir en planes, programas y acciones al Pueblo de Dios.<\/div>\n<div>\u00a0<\/div>\n<div>La reuni\u00f3n prosigue con una agenda que permite preguntarse sobre:<\/div>\n<div>\u00a0<\/div>\n<div>lo que se tiene,<\/div>\n<div>lo que a\u00fan falta concretizar en cada departamento del CELAM y el Centro CEBITEPAL,<\/div>\n<div>y cu\u00e1nto se sugiere para el nuevo cuatrienio.<\/div>\n<div>Est\u00e1 previsto finalizar con una peregrinaci\u00f3n al Santuario de Monserrate en donde el cardenal Rub\u00e9n Salazar, arzobispo de Bogot\u00e1 y miembro de la Presidencia, celebrar\u00e1 la Eucarist\u00eda. Se trata de un momento simb\u00f3lico dado que el equipo de Coordinaci\u00f3n comenz\u00f3 su actividad ofreciendo su trabajo al Padre en el Santuario de Monserrate, por lo tanto concluir all\u00ed los encuentros de Coordinaci\u00f3n ser\u00e1 en el d\u00eda de ma\u00f1ana un momento de entrega en manos del Padre de cuanto en el cuatrienio se ha podido servir a los hermanos y hermanas de nuestros pueblos.<\/div>\n<div>\u00a0<\/div>\n<div>SUSANA NUIN N\u00da\u00d1EZ<\/div>\n<div>\u00a0<\/div>\n<div>Fuente: celam.org<\/div>\n<p><a href=\"http:\/\/web.hilo.org.pe\/wp-content\/uploads\/comunion.jpg\" target=\"_blank\" rel=\"noopener\">Ver archivo adjunto<\/a><\/p>\n","protected":false},"excerpt":{"rendered":"<p>Del 22 al 24 de julio se desarrolla en Bogot?, Colombia, el 4? Encuentro de Coordinaci?n del CELAM, donde participan la Presidencia, Secretar?a General, los Presidentes de Departamentos y Centro de Estudios que constituyen el CELAM junto a los equipos de obispos y secretarios ejecutivos.<\/p>\n","protected":false},"author":1,"featured_media":7872,"comment_status":"closed","ping_status":"closed","sticky":false,"template":"","format":"standard","meta":{"footnotes":""},"categories":[9],"tags":[],"class_list":["post-1886","post","type-post","status-publish","format-standard","has-post-thumbnail","hentry","category-noticias"],"_links":{"self":[{"href":"https:\/\/ceas.org.pe\/index.php\/wp-json\/wp\/v2\/posts\/1886","targetHints":{"allow":["GET"]}}],"collection":[{"href":"https:\/\/ceas.org.pe\/index.php\/wp-json\/wp\/v2\/posts"}],"about":[{"href":"https:\/\/ceas.org.pe\/index.php\/wp-json\/wp\/v2\/types\/post"}],"author":[{"embeddable":true,"href":"https:\/\/ceas.org.pe\/index.php\/wp-json\/wp\/v2\/users\/1"}],"replies":[{"embeddable":true,"href":"https:\/\/ceas.org.pe\/index.php\/wp-json\/wp\/v2\/comments?post=1886"}],"version-history":[{"count":1,"href":"https:\/\/ceas.org.pe\/index.php\/wp-json\/wp\/v2\/posts\/1886\/revisions"}],"predecessor-version":[{"id":7332,"href":"https:\/\/ceas.org.pe\/index.php\/wp-json\/wp\/v2\/posts\/1886\/revisions\/7332"}],"wp:featuredmedia":[{"embeddable":true,"href":"https:\/\/ceas.org.pe\/index.php\/wp-json\/wp\/v2\/media\/7872"}],"wp:attachment":[{"href":"https:\/\/ceas.org.pe\/index.php\/wp-json\/wp\/v2\/media?parent=1886"}],"wp:term":[{"taxonomy":"category","embeddable":true,"href":"https:\/\/ceas.org.pe\/index.php\/wp-json\/wp\/v2\/categories?post=1886"},{"taxonomy":"post_tag","embeddable":true,"href":"https:\/\/ceas.org.pe\/index.php\/wp-json\/wp\/v2\/tags?post=1886"}],"curies":[{"name":"wp","href":"https:\/\/api.w.org\/{rel}","templated":true}]}}