{"id":1881,"date":"2014-07-21T09:16:03","date_gmt":"2014-07-21T09:16:03","guid":{"rendered":""},"modified":"2026-03-11T09:12:21","modified_gmt":"2026-03-11T14:12:21","slug":"pero-reunion-de-asesores-legales-y-administradores-de-jurisdicciones-eclesiosticas","status":"publish","type":"post","link":"https:\/\/ceas.org.pe\/index.php\/2014\/07\/21\/pero-reunion-de-asesores-legales-y-administradores-de-jurisdicciones-eclesiosticas\/","title":{"rendered":"Per\u00f3: reuni\u00f3n de asesores legales y administradores de jurisdicciones eclesi\u00f3sticas"},"content":{"rendered":"<div>Los abogados y asesores legales de las diversas jurisdicciones eclesi\u00e1sticas del Per\u00fa vienen participaron en la Reuni\u00f3n Anual de los Asesores Legales y Administradores, que se realiza en el auditorio de la Conferencia Episcopal Peruana.\u00a0<\/div>\n<div>\u00a0<\/div>\n<div>La reuni\u00f3n se inici\u00f3 con una Santa Misa celebrada por Monse\u00f1or Fortunato Pablo Urcey, Obispo Prelado de Chota y Secretario General de la Conferencia Episcopal Peruana, quien agradeci\u00f3 la presencia de todos los participantes.<\/div>\n<div>\u00a0<\/div>\n<div>En esta reuni\u00f3n, se abordaron temas tributarios, laborales, de propiedad y otros temas de inter\u00e9s para la Iglesia. (Fuente: CEP)\u00a0<\/div>\n<p><a href=\"http:\/\/web.hilo.org.pe\/wp-content\/uploads\/asesores.jpg\" target=\"_blank\" rel=\"noopener\">Ver archivo adjunto<\/a><\/p>\n","protected":false},"excerpt":{"rendered":"<p>Los abogados y asesores legales de las diversas jurisdicciones eclesi?sticas del Per? vienen participaron en la Reuni?n Anual de los Asesores Legales y Administradores, que se realiza en el auditorio de la Conferencia Episcopal Peruana.<\/p>\n","protected":false},"author":1,"featured_media":7930,"comment_status":"closed","ping_status":"closed","sticky":false,"template":"","format":"standard","meta":{"footnotes":""},"categories":[9],"tags":[],"class_list":["post-1881","post","type-post","status-publish","format-standard","has-post-thumbnail","hentry","category-noticias"],"_links":{"self":[{"href":"https:\/\/ceas.org.pe\/index.php\/wp-json\/wp\/v2\/posts\/1881","targetHints":{"allow":["GET"]}}],"collection":[{"href":"https:\/\/ceas.org.pe\/index.php\/wp-json\/wp\/v2\/posts"}],"about":[{"href":"https:\/\/ceas.org.pe\/index.php\/wp-json\/wp\/v2\/types\/post"}],"author":[{"embeddable":true,"href":"https:\/\/ceas.org.pe\/index.php\/wp-json\/wp\/v2\/users\/1"}],"replies":[{"embeddable":true,"href":"https:\/\/ceas.org.pe\/index.php\/wp-json\/wp\/v2\/comments?post=1881"}],"version-history":[{"count":1,"href":"https:\/\/ceas.org.pe\/index.php\/wp-json\/wp\/v2\/posts\/1881\/revisions"}],"predecessor-version":[{"id":7339,"href":"https:\/\/ceas.org.pe\/index.php\/wp-json\/wp\/v2\/posts\/1881\/revisions\/7339"}],"wp:featuredmedia":[{"embeddable":true,"href":"https:\/\/ceas.org.pe\/index.php\/wp-json\/wp\/v2\/media\/7930"}],"wp:attachment":[{"href":"https:\/\/ceas.org.pe\/index.php\/wp-json\/wp\/v2\/media?parent=1881"}],"wp:term":[{"taxonomy":"category","embeddable":true,"href":"https:\/\/ceas.org.pe\/index.php\/wp-json\/wp\/v2\/categories?post=1881"},{"taxonomy":"post_tag","embeddable":true,"href":"https:\/\/ceas.org.pe\/index.php\/wp-json\/wp\/v2\/tags?post=1881"}],"curies":[{"name":"wp","href":"https:\/\/api.w.org\/{rel}","templated":true}]}}