{"id":1873,"date":"2014-07-17T09:51:59","date_gmt":"2014-07-17T09:51:59","guid":{"rendered":""},"modified":"2026-03-11T09:12:21","modified_gmt":"2026-03-11T14:12:21","slug":"alistan-declaracion-de-derechos-campesinos-en-la-onu","status":"publish","type":"post","link":"https:\/\/ceas.org.pe\/index.php\/2014\/07\/17\/alistan-declaracion-de-derechos-campesinos-en-la-onu\/","title":{"rendered":"Alistan declaraci\u00f3n de derechos campesinos en la ONU"},"content":{"rendered":"<p>Buenas noticias. Contin\u00faa el proceso para la redacci\u00f3n del documento oficial que proclamar\u00e1 los derechos hombres y mujeres campesinos en el mundo. Bolivia ha sido ratificada para presidir el comit\u00e9 que elaborar\u00e1 la declaraci\u00f3n y la convenci\u00f3n de los derechos campesinos en la ONU. Con 29 votos a favor, 5 en contra y resto de abstenciones, se ha respaldado la continuidad el trabajo liderado por ese pa\u00eds dentro de la Comisi\u00f3n de Derechos Humanos.\u00a0<\/p>\n<p>\u00a0<\/p>\n<div>A la vez, se est\u00e1 conformando un nuevo grupo de trabajo que continuar\u00e1 el estudio, discusi\u00f3n y consultas informativas a los pa\u00edses y la sociedad civil, para el resto del a\u00f1o. El objetivo es lograr una declaraci\u00f3n internacional que garantice la protecci\u00f3n de los derechos de campesinos, campesinas y otras personas que trabajan en zonzas rurales de todo el mundo.<\/div>\n<div>\u00a0<\/div>\n<div>Esta es iniciativa del movimiento campesino internacional. En el 2008, la V\u00eda Campesina organiz\u00f3 su V Conferencia en Mozambique, donde representantes de 73 pa\u00edses aprobaron la Carta de Derechos de las Campesinas y Campesinas de todo el mundo. En dicho documento, se identifican las violaciones de DDHH que han sufrido personas que trabajan en zonas rurales (campesinos, obreros agr\u00edcolas, n\u00f3madas, pescadores, pueblos ind\u00edgenas, sin techo, etc), se denuncia a las pol\u00edticas neoliberales que juegan en contra de los trabajan la tierra; y se propone un borrador con los derechos asignados a estas personas.<\/div>\n<div>\u00a0<\/div>\n<div>Ya en 2012, la V\u00eda Campesina elabora un documento adaptado a los protocolos de las Naciones Unidas: la Declaraci\u00f3n de los Derechos de las Campesinas y Campesinos. Esta propuesta de declaraci\u00f3n es aceptada plenamente por la ONU, quien a la vez se dispone crear un comit\u00e9 asesor dentro de la Comisi\u00f3n de DDHH, cuyo objetivo sea la redacci\u00f3n oficial de este importante documento.<\/div>\n<div>\u00a0<\/div>\n<div>\u201cSe trata de un instrumento jur\u00eddico que quiz\u00e1por primera vez, incluye los grandes temas contempor\u00e1neos de la alimentaci\u00f3n; por una parte el tema de los recursos. La especulaci\u00f3n de tierras y sobre todo la concentraci\u00f3n y acaparamiento es condenada y se trata de uno de los asuntos de mayor preocupaci\u00f3n actual; el tema del agua es puesto en primer plano y sabemos muy bien de su importancia presente y futura; la cuesti\u00f3n de las semillas, de los tipos de semillas modificadas gen\u00e9ticamente; el asunto de la agricultura limpia, de los alimentos sanos, asuntos que se ubican en el centro de los debates cotidianos actuales\u201d Narra el informe de la Comisi\u00f3n de DDHH.<\/div>\n<div>\u00a0<\/div>\n<div>Los dirigentes de la V\u00eda Campesina, han planteado la necesidad de que los pa\u00edses presentes en la ONU acompa\u00f1en y participen del proceso. Por ello, CNA, CCP y FEMUCARINAP, organizaciones miembros de la CLOC \u2013 V\u00eda Campesina Per\u00fa, est\u00e1n cursando cartas al Minagri y a la Canciller\u00eda de la Rep\u00fablica para que sus respectivas comisiones est\u00e9n pendientes con el fin de que impulsen y aporten para sacar el tan ansiado y necesario documento oficial.<\/div>\n<div>\u00a0<\/div>\n<div>Confederaci\u00f3n Nacional Agraria &#8211; CNA<\/div>\n<p><a href=\"http:\/\/web.hilo.org.pe\/wp-content\/uploads\/campesinosONU.jpg\" target=\"_blank\" rel=\"noopener\">Ver archivo adjunto<\/a><\/p>\n","protected":false},"excerpt":{"rendered":"<p>Buenas noticias. Contin?a el proceso para la redacci?n del documento oficial que proclamar? los derechos hombres y mujeres campesinos en el mundo. Bolivia ha sido ratificada para presidir el comit? que elaborar? la declaraci?n y la convenci?n de los derechos campesinos en la ONU. Con 29 votos a favor, 5 en contra y resto de abstenciones, se ha respaldado la continuidad el trabajo liderado por ese pa?s dentro de la Comisi?n de Derechos Humanos.<\/p>\n","protected":false},"author":1,"featured_media":7936,"comment_status":"closed","ping_status":"closed","sticky":false,"template":"","format":"standard","meta":{"footnotes":""},"categories":[9],"tags":[],"class_list":["post-1873","post","type-post","status-publish","format-standard","has-post-thumbnail","hentry","category-noticias"],"_links":{"self":[{"href":"https:\/\/ceas.org.pe\/index.php\/wp-json\/wp\/v2\/posts\/1873","targetHints":{"allow":["GET"]}}],"collection":[{"href":"https:\/\/ceas.org.pe\/index.php\/wp-json\/wp\/v2\/posts"}],"about":[{"href":"https:\/\/ceas.org.pe\/index.php\/wp-json\/wp\/v2\/types\/post"}],"author":[{"embeddable":true,"href":"https:\/\/ceas.org.pe\/index.php\/wp-json\/wp\/v2\/users\/1"}],"replies":[{"embeddable":true,"href":"https:\/\/ceas.org.pe\/index.php\/wp-json\/wp\/v2\/comments?post=1873"}],"version-history":[{"count":1,"href":"https:\/\/ceas.org.pe\/index.php\/wp-json\/wp\/v2\/posts\/1873\/revisions"}],"predecessor-version":[{"id":7345,"href":"https:\/\/ceas.org.pe\/index.php\/wp-json\/wp\/v2\/posts\/1873\/revisions\/7345"}],"wp:featuredmedia":[{"embeddable":true,"href":"https:\/\/ceas.org.pe\/index.php\/wp-json\/wp\/v2\/media\/7936"}],"wp:attachment":[{"href":"https:\/\/ceas.org.pe\/index.php\/wp-json\/wp\/v2\/media?parent=1873"}],"wp:term":[{"taxonomy":"category","embeddable":true,"href":"https:\/\/ceas.org.pe\/index.php\/wp-json\/wp\/v2\/categories?post=1873"},{"taxonomy":"post_tag","embeddable":true,"href":"https:\/\/ceas.org.pe\/index.php\/wp-json\/wp\/v2\/tags?post=1873"}],"curies":[{"name":"wp","href":"https:\/\/api.w.org\/{rel}","templated":true}]}}