{"id":1869,"date":"2014-07-15T09:51:05","date_gmt":"2014-07-15T09:51:05","guid":{"rendered":""},"modified":"2026-03-11T09:12:21","modified_gmt":"2026-03-11T14:12:21","slug":"declaracion-conjunta-de-obispos-sobre-la-crisis-de-los-nioos-migrantes","status":"publish","type":"post","link":"https:\/\/ceas.org.pe\/index.php\/2014\/07\/15\/declaracion-conjunta-de-obispos-sobre-la-crisis-de-los-nioos-migrantes\/","title":{"rendered":"Declaraci\u00f3n conjunta de Obispos sobre la crisis de los ni\u00f3os migrantes"},"content":{"rendered":"<div>Profundamente conmovidos por el sufrimiento de miles de ni\u00f1os, ni\u00f1as y adolescentes que han migrado desde Centroam\u00e9rica y M\u00e9xico hacia los Estados Unidos y que ahora se encuentran detenidos en espera de ser deportados, los obispos de Estados Unidos, M\u00e9xico, El Salvador, Guatemala y Honduras, movidos por el amor de Cristo, manifestamos a todos ellos y a sus familiares nuestra oraci\u00f3n, solidaridad y compromiso.<\/div>\n<div>\u00a0<\/div>\n<div>Estos ni\u00f1os salieron de sus pa\u00edses empujados por la miseria, la violencia o el deseo de reunirse con sus padres o algunos de sus familiares que ya han migrado, y ahora, luego de enfrentar toda clase de privaciones y peligros, viven una terrible crisis humanitaria. Esta dram\u00e1tica situaci\u00f3n nos afecta a todos y ha de comprometernos a \u201cglobalizar la solidaridad\u201d, reconociendo, respetando, promoviendo y defendiendo la vida, dignidad y derechos de toda persona, independientemente de su condici\u00f3n migratoria.<\/div>\n<div>\u00a0<\/div>\n<div>En este sentido, vemos con esperanza la Declaraci\u00f3n Extraordinaria de Managua, en la que los Pa\u00edses Miembros de la Conferencia Regional sobre Migraci\u00f3n \u2013Belice, Canad\u00e1, Costa Rica, El Salvador, Estado Unidos, Guatemala, Honduras, M\u00e9xico, Nicaragua, Panam\u00e1 y Rep\u00fablica Dominicana\u2013 han reconocido la corresponsabilidad regional y se han comprometido a implementar medidas integrales y articuladas para garantizar el inter\u00e9s superior del ni\u00f1o y adolescente, as\u00ed como la unidad familiar; a difundir informaci\u00f3n precisa respecto a los \u201cpeligros del viaje\u201d y la inexistencia de \u201cpermisos\u201d para los que llegan a los Estados Unidos; luchar contra los grupos delictivos organizados de tr\u00e1fico il\u00edcito y de trata de personas; y mejorar las pr\u00e1cticas migratorias.<\/div>\n<div>\u00a0<\/div>\n<div>Un aspecto importante de la Declaraci\u00f3n es el compromiso conjunto para erradicar las causas estructurales que provocan la migraci\u00f3n irregular de menores de edad, creando programas de desarrollo social y econ\u00f3mico en las comunidades de origen, as\u00ed como programas de reinserci\u00f3n y reintegraci\u00f3n para los que retornan. Tambi\u00e9n se reconoce que algunos de estos ni\u00f1os y adolescentes migrantes podr\u00edan obtener la condici\u00f3n de refugiado o protecci\u00f3n complementaria.<\/div>\n<div>\u00a0<\/div>\n<div>En este tenor, resulta positivo que M\u00e9xico haya implementado la Coordinaci\u00f3n para la Atenci\u00f3n Integral de la Migraci\u00f3n en la Frontera Sur y la creaci\u00f3n de los Centros de Atenci\u00f3n Integral al Tr\u00e1nsito Fronterizo para facilitar la internaci\u00f3n segura de personas y bienes, y evitar los problemas originados por el desorden migratorio en la zona.<\/div>\n<div>\u00a0<\/div>\n<div>La Iglesia Cat\u00f3lica, que desde hace muchos a\u00f1os viene haciendo gestiones ante las autoridades gubernamentales de Estados Unidos, M\u00e9xico y Centroam\u00e9rica en favor de los migrantes, continuar\u00e1 esta labor. Tambi\u00e9n seguir\u00e1 trabajando en la promoci\u00f3n humana, particularmente de los ni\u00f1os, de las familias y de los m\u00e1s pobres, en la restauraci\u00f3n del tejido social y brindando acogida, atenci\u00f3n y servicios a los migrantes en sus numerosos centros creados para ellos. La misma Iglesia expresa su disponibilidad para colaborar a fin de hacer realidad los acuerdos de la Declaraci\u00f3n de Managua, convencida de que una estrategia de disuasi\u00f3n sin garant\u00edas de protecci\u00f3n nacional e internacional es inefectiva e inhumana.<\/div>\n<div>Por eso, apoyamos la solicitud que Monse\u00f1or Mark Seitz, Obispo de El Paso, Texas ha formulado al Comit\u00e9 de Migraci\u00f3n de la C\u00e1mara de Representantes de Estados Unidos de emitir declaratoria de crisis humanitaria para dar una respuesta integral al problema, creando pol\u00edticas p\u00fablicas que den servicios b\u00e1sicos y protecci\u00f3n al migrante, examinado las ra\u00edces del \u00e9xodo migratorio, asignando recursos federales para invertir en los pa\u00edses expulsores a fin de evitar la necesidad de migrar, y promoviendo programas de reunificaci\u00f3n familiar para los migrantes.<\/div>\n<div>\u00a0<\/div>\n<div>Los obispos, sus servidores, reiteramos la urgencia de respetar la dignidad humana de los migrantes indocumentados; fortalecer las instituciones gubernamentales para que sean aut\u00e9nticamente democr\u00e1ticas, participativas y al servicio del pueblo; combatir con firmeza la reprobable actividad de los grupos delictivos y del crimen organizado, cuya inhumana acci\u00f3n condenamos en\u00e9rgicamente; garantizar la seguridad de los ciudadanos; e invertir en Centroam\u00e9rica.<\/div>\n<div>\u00a0<\/div>\n<div>En este sentido, hacemos un llamado a los empresarios, especialmente cat\u00f3licos, a que inviertan y contribuyan a promover la justicia y la equidad. Exhortamos a los padres de familia a no exponer a sus hijos a emprender el peligroso viaje hacia M\u00e9xico y Estados Unidos. Y pedimos a la sociedad en general asumir el papel que le corresponde en este doloroso problema.<\/div>\n<div>\u00a0<\/div>\n<div>Ante el drama humanitario que estamos padeciendo, debemos escuchar al Papa Francisco, que con profundo realismo ha advertido: \u201cHoy en muchas partes se reclama mayor seguridad. Pero hasta que no se reviertan la exclusi\u00f3n y la inequidad dentro de una sociedad y entre los distintos pueblos ser\u00e1 imposible erradicar la violencia\u2026 Es el mal cristalizado en estructuras sociales injustas, a partir del cual no puede esperarse un futuro mejor\u2026 La inequidad es ra\u00edz de los males sociales\u201d.<\/div>\n<div>\u00a0<\/div>\n<div>Implorando la intercesi\u00f3n de Santa Mar\u00eda de Guadalupe, Patrona de Am\u00e9rica, pedimos a Nuestro Se\u00f1or Jesucristo que proteja a nuestros ni\u00f1os y sus familias en este dif\u00edcil momento, y nos d\u00e9 a todos la sabidur\u00eda para encontrar soluciones factibles, y audacia y fuerza para actuar en consecuencia.<\/div>\n<div>\u00a0<\/div>\n<div>+\u00d3scar A. Cardenal Rodr\u00edguez Maradiaga,S.D.B.<\/div>\n<div>Arzobispo de Tegucigalpa<\/div>\n<div>Presidente de la Conferencia Episcopal de Honduras<\/div>\n<div>+J. Francisco Cardenal Robles Ortega<\/div>\n<div>Arzobispo de Guadalajara<\/div>\n<div>Presidente de la Conferencia del Episcopado Mexicano<\/div>\n<div>+Romeo Tovar Astorga<\/div>\n<div>Obispo de Santa Ana<\/div>\n<div>Secretario General de la Conferencia Episcopal de El Salvador<\/div>\n<div>+Eugenio Lira Rugarc\u00eda<\/div>\n<div>Obispo Auxiliar de Puebla<\/div>\n<div>Secretario General de la Conferencia del Episcopado Mexicano<\/div>\n<div>+ Domingo Buezo Leiva<\/div>\n<div>Obispo Vicario de Izabal<\/div>\n<div>Srio. Gral. de la Conferencia Episcopal de Guatemala<\/div>\n<div>+ Eusebio Elizondo<\/div>\n<div>Obispo de Seattle<\/div>\n<div>Pdte. del Comit\u00e9 de Migraci\u00f3n y Refugiados de la Conferencia de Obispos Cat\u00f3licos de Estados Unidos<\/div>\n<div>+ Guillermo Ort\u00edz Mondrag\u00f3n<\/div>\n<div>Obispo de Cuautitl\u00e1n<\/div>\n<div>Presidente de la Dimensi\u00f3n de la Pastoral de la Movilidad Humana de la Conferencia del Episcopado Mexicano<\/div>\n<div>\u00a0<\/div>\n<div>Fuente: Vatican.va<\/div>\n<p><a href=\"http:\/\/web.hilo.org.pe\/wp-content\/uploads\/ninos migrantes.jpg\" target=\"_blank\" rel=\"noopener\">Ver archivo adjunto<\/a><\/p>\n","protected":false},"excerpt":{"rendered":"<p>Profundamente conmovidos por el sufrimiento de miles de ni?os, ni?as y adolescentes que han migrado desde Centroam?rica y M?xico hacia los Estados Unidos y que ahora se encuentran detenidos en espera de ser deportados, los obispos de Estados Unidos, M?xico, El Salvador, Guatemala y Honduras, movidos por el amor de Cristo, manifestamos a todos ellos y a sus familiares nuestra oraci?n, solidaridad y compromiso.<\/p>\n","protected":false},"author":1,"featured_media":7854,"comment_status":"closed","ping_status":"closed","sticky":false,"template":"","format":"standard","meta":{"footnotes":""},"categories":[9],"tags":[],"class_list":["post-1869","post","type-post","status-publish","format-standard","has-post-thumbnail","hentry","category-noticias"],"_links":{"self":[{"href":"https:\/\/ceas.org.pe\/index.php\/wp-json\/wp\/v2\/posts\/1869","targetHints":{"allow":["GET"]}}],"collection":[{"href":"https:\/\/ceas.org.pe\/index.php\/wp-json\/wp\/v2\/posts"}],"about":[{"href":"https:\/\/ceas.org.pe\/index.php\/wp-json\/wp\/v2\/types\/post"}],"author":[{"embeddable":true,"href":"https:\/\/ceas.org.pe\/index.php\/wp-json\/wp\/v2\/users\/1"}],"replies":[{"embeddable":true,"href":"https:\/\/ceas.org.pe\/index.php\/wp-json\/wp\/v2\/comments?post=1869"}],"version-history":[{"count":1,"href":"https:\/\/ceas.org.pe\/index.php\/wp-json\/wp\/v2\/posts\/1869\/revisions"}],"predecessor-version":[{"id":7349,"href":"https:\/\/ceas.org.pe\/index.php\/wp-json\/wp\/v2\/posts\/1869\/revisions\/7349"}],"wp:featuredmedia":[{"embeddable":true,"href":"https:\/\/ceas.org.pe\/index.php\/wp-json\/wp\/v2\/media\/7854"}],"wp:attachment":[{"href":"https:\/\/ceas.org.pe\/index.php\/wp-json\/wp\/v2\/media?parent=1869"}],"wp:term":[{"taxonomy":"category","embeddable":true,"href":"https:\/\/ceas.org.pe\/index.php\/wp-json\/wp\/v2\/categories?post=1869"},{"taxonomy":"post_tag","embeddable":true,"href":"https:\/\/ceas.org.pe\/index.php\/wp-json\/wp\/v2\/tags?post=1869"}],"curies":[{"name":"wp","href":"https:\/\/api.w.org\/{rel}","templated":true}]}}