{"id":1868,"date":"2014-07-15T09:49:24","date_gmt":"2014-07-15T09:49:24","guid":{"rendered":""},"modified":"2026-03-11T09:12:21","modified_gmt":"2026-03-11T14:12:21","slug":"expertos-de-amorica-latina-se-reonen-para-incorporar-el-enfoque-de-cambio-climotico-en-la-inversion","status":"publish","type":"post","link":"https:\/\/ceas.org.pe\/index.php\/2014\/07\/15\/expertos-de-amorica-latina-se-reonen-para-incorporar-el-enfoque-de-cambio-climotico-en-la-inversion\/","title":{"rendered":"Expertos de Am\u00f3rica Latina se re\u00f3nen para incorporar el enfoque de cambio clim\u00f3tico en la inversi\u00f3n"},"content":{"rendered":"<p>\u00a0Lima, 14 de julio.- En la \u00faltima d\u00e9cada, las p\u00e9rdidas de inversiones p\u00fablicas en infraestructura vial, sistemas de riego, hospitales o colegios a causa por los efectos adversos del clima, se ha incrementado de US$50 (en 1980) a US$200 billones (en el 2010), seg\u00fan la re-aseguradora Munich Re. Dicha cifra pone en peligro las tendencias favorables de desarrollo en Am\u00e9rica Latina y El Caribe. Por ello, resulta id\u00f3nea la realizaci\u00f3n del Taller Internacional Incorporaci\u00f3n de la Adaptaci\u00f3n al Cambio Clim\u00e1tico en la Inversi\u00f3n P\u00fablica: el caso peruano, que se llevar\u00e1 a cabo desde ma\u00f1ana hasta el 17 de julio en las instalaciones del Hotel Atton, en San Isidro.<\/p>\n<div>\u00a0<\/div>\n<div>Este curso se basa en los resultados obtenidos por el proyecto Inversi\u00f3n P\u00fablica y Adaptaci\u00f3n al Cambio Clim\u00e1tico \u2013 IPACC \u00a0en los dos \u00faltimos a\u00f1os y se espera que al evento asistan autoridades de los Ministerios de Ambiente, Econom\u00eda, Vivienda y Construcci\u00f3n, as\u00ed como funcionarios de los Gobiernos Regionales del Per\u00fa y expertos de diversos organismos de la cooperaci\u00f3n internacional y de centros de investigaci\u00f3n de Am\u00e9rica Latina.<\/div>\n<div>\u00a0<\/div>\n<div>Y es que seg\u00fan el informe SREX 2013 del Panel Intergubernamental sobre Cambio Clim\u00e1tico (IPCC, por sus siglas en ingl\u00e9s), las p\u00e9rdidas econ\u00f3micas derivadas de desastres relacionados con fen\u00f3menos clim\u00e1ticos entre 2001-2006 presentan aproximadamente 1% del Producto Bruto Interno (PBI) en los pa\u00edses de medio ingreso, a diferencia del 0.1% en pa\u00edses de ingreso alto. El Per\u00fa no escapa a esta realidad, dado que el cambio clim\u00e1tico est\u00e1 alterando la composici\u00f3n de los ecosistemas lo que cuestiona el desarrollo local.<\/div>\n<div>\u00a0<\/div>\n<div>El IPACC, implementado por la Cooperaci\u00f3n Alemana al Desarrollo (GIZ), el Ministerio de Econom\u00eda y el Ministerio del Ambiente, promueve la importancia de incorporar la variable de cambio clim\u00e1tico en la identificaci\u00f3n, formulaci\u00f3n y evaluaci\u00f3n social de los proyectos de inversi\u00f3n p\u00fablica (PIP). De esta manera, se mejorar\u00eda la sostenibilidad de las inversiones p\u00fablicas, se reducir\u00eda el riesgo de desastres y se aumentar\u00eda la capacidad de adaptaci\u00f3n de la poblaci\u00f3n para afrontar los efectos de la variabilidad clim\u00e1tica y el cambio clim\u00e1tico.<\/div>\n<div>\u00a0<\/div>\n<div><strong>SOBRE EL IPACC<\/strong><\/div>\n<div>\u00a0<\/div>\n<div>El proyecto IPACC \u00a0es adem\u00e1s financiado por la Iniciativa de Protecci\u00f3n del Clima (IKI) del Ministerio Federal de Medio Ambiente, Protecci\u00f3n de la Naturaleza, Obras P\u00fablicas y Seguridad Nuclear (BMUB) de Alemania. Para conocer los detalles del taller, visite: http:\/\/www.ipacc.pe\/eacc\/<\/div>\n<div>\u00a0<\/div>\n<div>Fuente: minam.gob.pe<\/div>\n<p><a href=\"http:\/\/web.hilo.org.pe\/wp-content\/uploads\/expertos.jpg\" target=\"_blank\" rel=\"noopener\">Ver archivo adjunto<\/a><\/p>\n","protected":false},"excerpt":{"rendered":"<p>Lima, 14 de julio.- En la ?ltima d?cada, las p?rdidas de inversiones p?blicas en infraestructura vial, sistemas de riego, hospitales o colegios a causa por los efectos adversos del clima, se ha incrementado de US$50 (en 1980) a US$200 billones (en el 2010), seg?n la re-aseguradora Munich Re. Dicha cifra pone en peligro las tendencias favorables de desarrollo en Am?rica Latina y El Caribe. Por ello, resulta id?nea la realizaci?n del Taller Internacional Incorporaci?n de la Adaptaci?n al Cambio Clim?tico en la Inversi?n P?blica: el caso peruano, que se llevar? a cabo desde ma?ana hasta el 17 de julio en las instalaciones del Hotel Atton, en San Isidro.<\/p>\n","protected":false},"author":1,"featured_media":7962,"comment_status":"closed","ping_status":"closed","sticky":false,"template":"","format":"standard","meta":{"footnotes":""},"categories":[9],"tags":[],"class_list":["post-1868","post","type-post","status-publish","format-standard","has-post-thumbnail","hentry","category-noticias"],"_links":{"self":[{"href":"https:\/\/ceas.org.pe\/index.php\/wp-json\/wp\/v2\/posts\/1868","targetHints":{"allow":["GET"]}}],"collection":[{"href":"https:\/\/ceas.org.pe\/index.php\/wp-json\/wp\/v2\/posts"}],"about":[{"href":"https:\/\/ceas.org.pe\/index.php\/wp-json\/wp\/v2\/types\/post"}],"author":[{"embeddable":true,"href":"https:\/\/ceas.org.pe\/index.php\/wp-json\/wp\/v2\/users\/1"}],"replies":[{"embeddable":true,"href":"https:\/\/ceas.org.pe\/index.php\/wp-json\/wp\/v2\/comments?post=1868"}],"version-history":[{"count":1,"href":"https:\/\/ceas.org.pe\/index.php\/wp-json\/wp\/v2\/posts\/1868\/revisions"}],"predecessor-version":[{"id":7350,"href":"https:\/\/ceas.org.pe\/index.php\/wp-json\/wp\/v2\/posts\/1868\/revisions\/7350"}],"wp:featuredmedia":[{"embeddable":true,"href":"https:\/\/ceas.org.pe\/index.php\/wp-json\/wp\/v2\/media\/7962"}],"wp:attachment":[{"href":"https:\/\/ceas.org.pe\/index.php\/wp-json\/wp\/v2\/media?parent=1868"}],"wp:term":[{"taxonomy":"category","embeddable":true,"href":"https:\/\/ceas.org.pe\/index.php\/wp-json\/wp\/v2\/categories?post=1868"},{"taxonomy":"post_tag","embeddable":true,"href":"https:\/\/ceas.org.pe\/index.php\/wp-json\/wp\/v2\/tags?post=1868"}],"curies":[{"name":"wp","href":"https:\/\/api.w.org\/{rel}","templated":true}]}}