{"id":1867,"date":"2014-07-14T11:53:54","date_gmt":"2014-07-14T11:53:54","guid":{"rendered":""},"modified":"2026-03-11T09:12:21","modified_gmt":"2026-03-11T14:12:21","slug":"mundial-de-fotbol-un-momento-de-silencio-por-la-paz","status":"publish","type":"post","link":"https:\/\/ceas.org.pe\/index.php\/2014\/07\/14\/mundial-de-fotbol-un-momento-de-silencio-por-la-paz\/","title":{"rendered":"Mundial de F\u00f3tbol: un momento de silencio por la paz"},"content":{"rendered":"<p>\u00a0El Pontificio Consejo para la Cultura present\u00f3 hoy en su web y en facebook una iniciativa para unir a todo el mundo por la paz, pidiendo el domingo 13 de julio un momento de silencio durante la final de Brasil 2014, que ver\u00e1 enfrentadas las selecciones de Argentina y Alemania. La iniciativa, se promueve tambi\u00e9n en twitter, con el hashtag #PAUSEforPeace.<\/p>\n<div>\u00a0<\/div>\n<div>\u00ab\u00danete a nosotros pidiendo una pausa a la guerra durante la final de la Copa del Mundo en R\u00edo. Una tregua por la paz\u00bb.<\/div>\n<div>\u00a0<\/div>\n<div>El subsecretario del Pontificio Consejo para la Cultura. Mons. Melchor S\u00e1nchez de Toca y Alameda, en declaraciones a la agencia CNA record\u00f3 que \u201clos deportes nacieron alrededor de festividades religiosas. Los acontecimientos deportivos eran momentos de paz cuando las guerras cesaban\u201d.<\/div>\n<div>\u00a0<\/div>\n<div>Richard Rouse, miembro del Pontificio Consejo para la Cultura, dijo que la iniciativa que fue iniciada en el perfil de la red social Facebook del dicasterio vaticano, es \u201cun llamado a la paz\u201d.<\/div>\n<div>\u00a0<\/div>\n<div>\u201cEs simplemente lo que dice ser. Es una frase sencilla y \u00fanica: vivimos en una era de simplicidad, no necesitamos grandes discursos para establecer un punto. Solo queremos paz, tan simple como eso\u201d, indic\u00f3.<\/div>\n<div>\u00a0<\/div>\n<div>\u201cEsta pausa podr\u00eda ser al comienzo del juego, a la mitad o en cualquier momento\u201d, afirm\u00f3, y a\u00f1adi\u00f3 que \u201cdejaremos que eso lo decidan los organizadores para darse un momento para pedir por la paz en medio de tantos conflictos\u201d.<\/div>\n<div>\u00a0<\/div>\n<div>Fuente:\u00a0celam.org<\/div>\n<p><a href=\"http:\/\/web.hilo.org.pe\/wp-content\/uploads\/mundial.jpg\" target=\"_blank\" rel=\"noopener\">Ver archivo adjunto<\/a><\/p>\n","protected":false},"excerpt":{"rendered":"<p>El Pontificio Consejo para la Cultura present? hoy en su web y en facebook una iniciativa para unir a todo el mundo por la paz, pidiendo el domingo 13 de julio un momento de silencio durante la final de Brasil 2014, que ver? enfrentadas las selecciones de Argentina y Alemania. La iniciativa, se promueve tambi?n en twitter, con el hashtag #PAUSEforPeace.<\/p>\n","protected":false},"author":1,"featured_media":7882,"comment_status":"closed","ping_status":"closed","sticky":false,"template":"","format":"standard","meta":{"footnotes":""},"categories":[9],"tags":[],"class_list":["post-1867","post","type-post","status-publish","format-standard","has-post-thumbnail","hentry","category-noticias"],"_links":{"self":[{"href":"https:\/\/ceas.org.pe\/index.php\/wp-json\/wp\/v2\/posts\/1867","targetHints":{"allow":["GET"]}}],"collection":[{"href":"https:\/\/ceas.org.pe\/index.php\/wp-json\/wp\/v2\/posts"}],"about":[{"href":"https:\/\/ceas.org.pe\/index.php\/wp-json\/wp\/v2\/types\/post"}],"author":[{"embeddable":true,"href":"https:\/\/ceas.org.pe\/index.php\/wp-json\/wp\/v2\/users\/1"}],"replies":[{"embeddable":true,"href":"https:\/\/ceas.org.pe\/index.php\/wp-json\/wp\/v2\/comments?post=1867"}],"version-history":[{"count":1,"href":"https:\/\/ceas.org.pe\/index.php\/wp-json\/wp\/v2\/posts\/1867\/revisions"}],"predecessor-version":[{"id":7351,"href":"https:\/\/ceas.org.pe\/index.php\/wp-json\/wp\/v2\/posts\/1867\/revisions\/7351"}],"wp:featuredmedia":[{"embeddable":true,"href":"https:\/\/ceas.org.pe\/index.php\/wp-json\/wp\/v2\/media\/7882"}],"wp:attachment":[{"href":"https:\/\/ceas.org.pe\/index.php\/wp-json\/wp\/v2\/media?parent=1867"}],"wp:term":[{"taxonomy":"category","embeddable":true,"href":"https:\/\/ceas.org.pe\/index.php\/wp-json\/wp\/v2\/categories?post=1867"},{"taxonomy":"post_tag","embeddable":true,"href":"https:\/\/ceas.org.pe\/index.php\/wp-json\/wp\/v2\/tags?post=1867"}],"curies":[{"name":"wp","href":"https:\/\/api.w.org\/{rel}","templated":true}]}}