{"id":1865,"date":"2014-07-13T19:14:02","date_gmt":"2014-07-13T19:14:02","guid":{"rendered":""},"modified":"2026-03-11T09:12:21","modified_gmt":"2026-03-11T14:12:21","slug":"foro-poblico-oinclusion-social-a-travos-de-la-promocion-humana-desafoo-para-todoso","status":"publish","type":"post","link":"https:\/\/ceas.org.pe\/index.php\/2014\/07\/13\/foro-poblico-oinclusion-social-a-travos-de-la-promocion-humana-desafoo-para-todoso\/","title":{"rendered":"Foro P\u00f3blico: \u00f3Inclusi\u00f3n social a trav\u00f3s de la Promoci\u00f3n Humana, desaf\u00f3o para todos\u00f3"},"content":{"rendered":"<p>\u00a0<span style=\"text-align: justify;\">Foro P\u00fablico: \u201cInclusi\u00f3n social a trav\u00e9s de la Promoci\u00f3n Humana, desaf\u00edo para todos\u201d<\/span><\/p>\n<p class=\"MsoNormal\" style=\"text-align:justify\">Dada la realidad social de la Regi\u00f3n Jun\u00edn y la Arquidi\u00f3cesis de Huancayo, en relaci\u00f3n a la exhortaci\u00f3n\u00a0 Apost\u00f3lica \u201cEvangelii Gaudium\u201d, dada por el Vicario de Cristo Papa Francisco; enfatizando en los desaf\u00edos importantes a tener en cuenta para avanzar en la inclusi\u00f3n social, se realiz\u00f3 el Foro P\u00fablico: \u201cInclusi\u00f3n social a trav\u00e9s de la Promoci\u00f3n Humana, desaf\u00edo para todos\u201d.<\/p>\n<p class=\"MsoNormal\" style=\"text-align:justify\">Foro que fue realizado por la Comisi\u00f3n Episcopal de Acci\u00f3n Social \u2013 CEAS conjuntamente con la Arquidi\u00f3cesis de Huancayo; estando como expositor Monse\u00f1or Pedro Barreto Jimeno, SJ, Arzobispo de Huancayo quien dio a conocer\u00a0 los principales planteamientos de la Exhortaci\u00f3n Apost\u00f3lica \u201cEvangelii Gaudium\u201d del Papa Francisco, en lo referente a la promoci\u00f3n humana\u00a0 y la inclusi\u00f3n social.<\/p>\n<p class=\"MsoNormal\" style=\"text-align:justify\">Los panelistas de este importante foro fueron: Lic Miguel Zamudio Santiva\u00f1ez Coordinador Ejecutivo de la Mesa de Di\u00e1logo Ambiental de la Regi\u00f3n Jun\u00edn \u2013MEDIAREJ y la Lic. Roxana Rivas Villalva, Secretar\u00eda Ejecutiva de la Mesa Interinstitucional de Reflexi\u00f3n y Acci\u00f3n por la Paz \u2013 MIRAPAZ.<\/p>\n<p class=\"MsoNormal\" style=\"text-align:justify\">El evento se realiz\u00f3 el viernes 10 de Julio en\u00a0 el Auditorio Daniel Figueroa (Jr. Ancash N\u00b0 319 Huancayo- a espalda\u00a0 de la catedral), desde las 7:00 p.m.<a name=\"_GoBack\"><\/a><\/p>\n<p class=\"MsoNormal\" style=\"text-align:justify\"><i>Ver fotos en la Galer\u00eda de im\u00e1genes<o:p><\/o:p><\/i><\/p>\n<p><a href=\"http:\/\/web.hilo.org.pe\/wp-content\/uploads\/PRINCIPAL.JPG\" target=\"_blank\" rel=\"noopener\">Ver archivo adjunto<\/a><\/p>\n","protected":false},"excerpt":{"rendered":"<p>Foro que fue realizado por la Comisi?n Episcopal de Acci?n Social ? CEAS conjuntamente con la Arquidi?cesis de Huancayo; estando como expositor Monse?or Pedro Barreto Jimeno, SJ, Arzobispo de Huancayo quien dio a conocer  los principales planteamientos de la Exhortaci?n Apost?lica ?Evangelii Gaudium? del Papa Francisco, en lo referente a la promoci?n humana  y la inclusi?n social. Fue realizado en Huancayo el 10 de julio.<\/p>\n","protected":false},"author":1,"featured_media":7961,"comment_status":"closed","ping_status":"closed","sticky":false,"template":"","format":"standard","meta":{"footnotes":""},"categories":[9],"tags":[],"class_list":["post-1865","post","type-post","status-publish","format-standard","has-post-thumbnail","hentry","category-noticias"],"_links":{"self":[{"href":"https:\/\/ceas.org.pe\/index.php\/wp-json\/wp\/v2\/posts\/1865","targetHints":{"allow":["GET"]}}],"collection":[{"href":"https:\/\/ceas.org.pe\/index.php\/wp-json\/wp\/v2\/posts"}],"about":[{"href":"https:\/\/ceas.org.pe\/index.php\/wp-json\/wp\/v2\/types\/post"}],"author":[{"embeddable":true,"href":"https:\/\/ceas.org.pe\/index.php\/wp-json\/wp\/v2\/users\/1"}],"replies":[{"embeddable":true,"href":"https:\/\/ceas.org.pe\/index.php\/wp-json\/wp\/v2\/comments?post=1865"}],"version-history":[{"count":1,"href":"https:\/\/ceas.org.pe\/index.php\/wp-json\/wp\/v2\/posts\/1865\/revisions"}],"predecessor-version":[{"id":7353,"href":"https:\/\/ceas.org.pe\/index.php\/wp-json\/wp\/v2\/posts\/1865\/revisions\/7353"}],"wp:featuredmedia":[{"embeddable":true,"href":"https:\/\/ceas.org.pe\/index.php\/wp-json\/wp\/v2\/media\/7961"}],"wp:attachment":[{"href":"https:\/\/ceas.org.pe\/index.php\/wp-json\/wp\/v2\/media?parent=1865"}],"wp:term":[{"taxonomy":"category","embeddable":true,"href":"https:\/\/ceas.org.pe\/index.php\/wp-json\/wp\/v2\/categories?post=1865"},{"taxonomy":"post_tag","embeddable":true,"href":"https:\/\/ceas.org.pe\/index.php\/wp-json\/wp\/v2\/tags?post=1865"}],"curies":[{"name":"wp","href":"https:\/\/api.w.org\/{rel}","templated":true}]}}