{"id":1864,"date":"2014-07-13T15:48:17","date_gmt":"2014-07-13T15:48:17","guid":{"rendered":""},"modified":"2026-03-11T09:12:22","modified_gmt":"2026-03-11T14:12:22","slug":"agentes-pastorales-reflexionan-sobre-los-desafoos-pastorales-desde-la-evangelii-gaudium","status":"publish","type":"post","link":"https:\/\/ceas.org.pe\/index.php\/2014\/07\/13\/agentes-pastorales-reflexionan-sobre-los-desafoos-pastorales-desde-la-evangelii-gaudium\/","title":{"rendered":"Agentes pastorales reflexionan sobre los desaf\u00f3os pastorales desde la Evangelii Gaudium"},"content":{"rendered":"<p>\u00a0Agentes pastorales reflexionan sobre los desaf\u00edos pastorales desde la Evangelii Gaudium<\/p>\n<p class=\"MsoNormal\" style=\"text-align:justify\">Con la participaci\u00f3n de agentes de la pastoral social de\u00a0 las jurisdicciones de Ayacucho, Hu\u00e1nuco, Chosica, Lima, Carabayllo, Callao, Lur\u00edn, Tarma, Huancayo y Huancavelica; se llev\u00f3 a cabo el Encuentro Pastoral Social de la Regi\u00f3n Centro \u201cDesaf\u00edos pastorales a la luz de la Exhortaci\u00f3n Apost\u00f3lica Evangelii Gaudium\u201d.<\/p>\n<p class=\"MsoNormal\" style=\"text-align:justify\">El encuentro permiti\u00f3 que los agentes pastorales, reflexionen y formulen propuestas que permitan tener una Iglesia m\u00e1s unida y fortalecida, desde el trabajo que vienen desempe\u00f1ando en sus jurisdicciones eclesi\u00e1sticas; tal como lo exhorta el Vicario de Cristo, \u00a0Papa Francisco.<\/p>\n<p class=\"MsoNormal\" style=\"text-align:justify\">El evento fue realizado\u00a0 por la Comisi\u00f3n\u00a0 Episcopal para la Pastoral Social conjuntamente con la Arquidi\u00f3cesis de Huancayo, por encargo de la Conferencia Episcopal Peruana. Huancayo ha sido sede del encuentro, el mismo que se desarroll\u00f3 en la Casa de retiro \u201cNuestra Se\u00f1ora de Las\u00a0 Victorias\u201d (Av. Salaverry Parroquia La Victoria, El Tambo) los d\u00edas 10 y 11 de Julio.<\/p>\n<p class=\"MsoNormal\" style=\"text-align:justify\"><em>Ver fotos en la Galer\u00eda de Im\u00e1genes<\/em><\/p>\n<p><a href=\"http:\/\/web.hilo.org.pe\/wp-content\/uploads\/PRINCIPAL ENCUENTRO.JPG\" target=\"_blank\" rel=\"noopener\">Ver archivo adjunto<\/a><\/p>\n","protected":false},"excerpt":{"rendered":"<p>El encuentro realizado en Huancayo, los d?as 10 y 11 de julio permiti? que los agentes pastorales, reflexionen y formulen propuestas que permitan tener una Iglesia m?s unida y fortalecida, desde el trabajo que vienen desempe?ando en sus jurisdicciones eclesi?sticas; tal como lo exhorta el Vicario de Cristo,  Papa Francisco.<\/p>\n","protected":false},"author":1,"featured_media":7960,"comment_status":"closed","ping_status":"closed","sticky":false,"template":"","format":"standard","meta":{"footnotes":""},"categories":[9],"tags":[],"class_list":["post-1864","post","type-post","status-publish","format-standard","has-post-thumbnail","hentry","category-noticias"],"_links":{"self":[{"href":"https:\/\/ceas.org.pe\/index.php\/wp-json\/wp\/v2\/posts\/1864","targetHints":{"allow":["GET"]}}],"collection":[{"href":"https:\/\/ceas.org.pe\/index.php\/wp-json\/wp\/v2\/posts"}],"about":[{"href":"https:\/\/ceas.org.pe\/index.php\/wp-json\/wp\/v2\/types\/post"}],"author":[{"embeddable":true,"href":"https:\/\/ceas.org.pe\/index.php\/wp-json\/wp\/v2\/users\/1"}],"replies":[{"embeddable":true,"href":"https:\/\/ceas.org.pe\/index.php\/wp-json\/wp\/v2\/comments?post=1864"}],"version-history":[{"count":1,"href":"https:\/\/ceas.org.pe\/index.php\/wp-json\/wp\/v2\/posts\/1864\/revisions"}],"predecessor-version":[{"id":7354,"href":"https:\/\/ceas.org.pe\/index.php\/wp-json\/wp\/v2\/posts\/1864\/revisions\/7354"}],"wp:featuredmedia":[{"embeddable":true,"href":"https:\/\/ceas.org.pe\/index.php\/wp-json\/wp\/v2\/media\/7960"}],"wp:attachment":[{"href":"https:\/\/ceas.org.pe\/index.php\/wp-json\/wp\/v2\/media?parent=1864"}],"wp:term":[{"taxonomy":"category","embeddable":true,"href":"https:\/\/ceas.org.pe\/index.php\/wp-json\/wp\/v2\/categories?post=1864"},{"taxonomy":"post_tag","embeddable":true,"href":"https:\/\/ceas.org.pe\/index.php\/wp-json\/wp\/v2\/tags?post=1864"}],"curies":[{"name":"wp","href":"https:\/\/api.w.org\/{rel}","templated":true}]}}