{"id":1861,"date":"2014-07-10T09:14:04","date_gmt":"2014-07-10T09:14:04","guid":{"rendered":""},"modified":"2026-03-11T09:12:22","modified_gmt":"2026-03-11T14:12:22","slug":"xvii-congreso-latinoamericano-y-del-caribe-de-coritas","status":"publish","type":"post","link":"https:\/\/ceas.org.pe\/index.php\/2014\/07\/10\/xvii-congreso-latinoamericano-y-del-caribe-de-coritas\/","title":{"rendered":"XVII Congreso Latinoamericano y del Caribe de C\u00f3ritas"},"content":{"rendered":"<p>Entre el 14 y 18 de julio, \u00a0los directores y representantes de C\u00e1ritas de Bolivia, Venezuela, Per\u00fa, Ecuador y Colombia se reunir\u00e1n en la ciudad de Quito para reflexionar entorno a los desaf\u00edos de la Iglesia de la zona en el contexto actual, como ejercicio preparatorio para el XVII Congreso Latinoamericano y del Caribe de C\u00e1ritas, \u00a0que se llevar\u00e1 a cabo en Colombia, en Octubre de 2014 y cuyo lema es: \u201cCon justicia y solidaridad en la mesa cabemos todos\u201d.<\/p>\n<div>\u00a0<\/div>\n<div>Las zonas de Centroam\u00e9rica y Caribe ya se alistan para encuentros similares en agosto, el Cono Sur ya realiz\u00f3 este ejercicio el pasado mes de abril. Este encuentro preparatorio, denominado Colombianito, en referencia al pa\u00eds sede del congreso continental, se centrar\u00e1 en un an\u00e1lisis de la realidad de la zona bolivariana y apuntar\u00e1 a la construcci\u00f3n del plan estrat\u00e9gico para el trabajo de C\u00e1ritas durante el pr\u00f3ximo cuatrienio.<\/div>\n<div>\u00a0<\/div>\n<div>Una de la reflexiones clave de este encuentro girar\u00e1 entorno al aporte de C\u00e1ritas en la reducci\u00f3n del hambre y la pobreza y en identificar el papel de la pastoral social para dar respuesta a esta realidad. Otro punto importante de la agenda, \u00a0ser\u00e1 el intercambio de experiencias en seguridad alimentaria y formaci\u00f3n de liderazgos para el desarrollo comunitario, impulsados por las C\u00e1ritas de la zona.<\/div>\n<div>\u00a0<\/div>\n<div>Este Colombianito tambi\u00e9n ser\u00e1 escenario para la socializaci\u00f3n de avances en la conformaci\u00f3n de la red de trabajo de C\u00e1ritas sobre la regi\u00f3n de la Amazon\u00eda, regi\u00f3n compartida por la mayor\u00eda de los pa\u00edses de la zona.<\/div>\n<div>\u00a0<\/div>\n<div>Pr\u00f3ximamente encuentra aqu\u00ed toda la informaci\u00f3n sobre el desarrollo de este encuentro.<\/div>\n<div>\u00a0<\/div>\n<div><a href=\"http:\/\/www.new.pastoralsocial.org\/Agenda_Colombianito___Quito_final.pdf\" target=\"_blank\">Descarga la agenda del \u201cColombianito\u201d de la zona bolivariana aqu\u00ed.<\/a><\/div>\n<div>\u00a0<\/div>\n<div>Fuente: new.pastoralsocial.org<\/div>\n<p><a href=\"http:\/\/web.hilo.org.pe\/wp-content\/uploads\/caritasbolivia.jpg\" target=\"_blank\" rel=\"noopener\">Ver archivo adjunto<\/a><\/p>\n","protected":false},"excerpt":{"rendered":"<p>Entre el 14 y 18 de julio,  los directores y representantes de C?ritas de Bolivia, Venezuela, Per?, Ecuador y Colombia se reunir?n en la ciudad de Quito para reflexionar entorno a los desaf?os de la Iglesia de la zona en el contexto actual, como ejercicio preparatorio para el XVII Congreso Latinoamericano y del Caribe de C?ritas,  que se llevar? a cabo en Colombia, en Octubre de 2014 y cuyo lema es: ?Con justicia y solidaridad en la mesa cabemos todos?.<\/p>\n","protected":false},"author":1,"featured_media":7883,"comment_status":"closed","ping_status":"closed","sticky":false,"template":"","format":"standard","meta":{"footnotes":""},"categories":[9],"tags":[],"class_list":["post-1861","post","type-post","status-publish","format-standard","has-post-thumbnail","hentry","category-noticias"],"_links":{"self":[{"href":"https:\/\/ceas.org.pe\/index.php\/wp-json\/wp\/v2\/posts\/1861","targetHints":{"allow":["GET"]}}],"collection":[{"href":"https:\/\/ceas.org.pe\/index.php\/wp-json\/wp\/v2\/posts"}],"about":[{"href":"https:\/\/ceas.org.pe\/index.php\/wp-json\/wp\/v2\/types\/post"}],"author":[{"embeddable":true,"href":"https:\/\/ceas.org.pe\/index.php\/wp-json\/wp\/v2\/users\/1"}],"replies":[{"embeddable":true,"href":"https:\/\/ceas.org.pe\/index.php\/wp-json\/wp\/v2\/comments?post=1861"}],"version-history":[{"count":1,"href":"https:\/\/ceas.org.pe\/index.php\/wp-json\/wp\/v2\/posts\/1861\/revisions"}],"predecessor-version":[{"id":7357,"href":"https:\/\/ceas.org.pe\/index.php\/wp-json\/wp\/v2\/posts\/1861\/revisions\/7357"}],"wp:featuredmedia":[{"embeddable":true,"href":"https:\/\/ceas.org.pe\/index.php\/wp-json\/wp\/v2\/media\/7883"}],"wp:attachment":[{"href":"https:\/\/ceas.org.pe\/index.php\/wp-json\/wp\/v2\/media?parent=1861"}],"wp:term":[{"taxonomy":"category","embeddable":true,"href":"https:\/\/ceas.org.pe\/index.php\/wp-json\/wp\/v2\/categories?post=1861"},{"taxonomy":"post_tag","embeddable":true,"href":"https:\/\/ceas.org.pe\/index.php\/wp-json\/wp\/v2\/tags?post=1861"}],"curies":[{"name":"wp","href":"https:\/\/api.w.org\/{rel}","templated":true}]}}