{"id":1860,"date":"2014-07-10T09:07:24","date_gmt":"2014-07-10T09:07:24","guid":{"rendered":""},"modified":"2026-03-11T09:12:22","modified_gmt":"2026-03-11T14:12:22","slug":"acuerdo-entre-defensoroas-del-pueblo-de-bolivia-y-pero-protegero-derechos-de-connacionales","status":"publish","type":"post","link":"https:\/\/ceas.org.pe\/index.php\/2014\/07\/10\/acuerdo-entre-defensoroas-del-pueblo-de-bolivia-y-pero-protegero-derechos-de-connacionales\/","title":{"rendered":"Acuerdo entre Defensor\u00f3as del pueblo de Bolivia y Per\u00f3 proteger\u00f3 derechos de connacionales"},"content":{"rendered":"<p>Con el objetivo de promover y proteger los derechos de los ciudadanos de Bolivia y Per\u00fa, las Defensor\u00edas del Pueblo de ambos pa\u00edses suscribieron hoy un acuerdo de cooperaci\u00f3n que permitir\u00e1 atender los casos de vulneraci\u00f3n a los derechos de sus \u00a0connacionales que se encuentran en estos pa\u00edses.<\/p>\n<div>\u00a0<\/div>\n<div>Eduardo Vega, Defensor del Pueblo (e) de Per\u00fa, manifest\u00f3 que dicho documento contribuir\u00e1 con el fortalecimiento institucional de ambas entidades, debido a que permitir\u00e1 una mayor articulaci\u00f3n en la labor de defensa y promoci\u00f3n de los derechos de bolivianos\/as y peruanos\/a; en particular, en los casos de trata internacional de personas y tr\u00e1fico il\u00edcito de migrantes.<\/div>\n<div>\u00a0<\/div>\n<div>Por su parte, el Defensor del Pueblo de Bolivia, Rolando Villena, destac\u00f3 que el convenio impulsar\u00e1 acciones defensoriales a las que est\u00e9n facultados, conforme al sistema jur\u00eddico de sus respectivos pa\u00edses, para la defensa de los derechos de las personas bolivianas o peruanas y sus familias, principalmente para garantizarles un trato adecuado por parte de las autoridades y, sin discriminaci\u00f3n alguna.<\/div>\n<div>\u00a0<\/div>\n<div>Es importante tener en cuenta que Bolivia es el decimotercer pa\u00eds de destino preferido por parte de los peruanos, y el cuarto con mayor presencia en el Per\u00fa, con el 6.3% del total de inmigrantes residentes (63,316), equivalente a 4,004 bolivianos. Asimismo, existen aproximadamente 250 peruanos privados de libertad en c\u00e1rceles bolivianas y 91 bolivianos en nuestro pa\u00eds en dicha condici\u00f3n.<\/div>\n<div>\u00a0<\/div>\n<div>El acuerdo, suscrito esta ma\u00f1ana en la sede de la Defensor\u00eda del Pueblo, tendr\u00e1 una vigencia de dos a\u00f1os y ha previsto tambi\u00e9n el intercambio de experiencias en temas de gesti\u00f3n de resultados, planificaci\u00f3n estrat\u00e9gica, gesti\u00f3n de conflictos y atenci\u00f3n a la poblaci\u00f3n ind\u00edgena y afrodescendiente, entre otros.<\/div>\n<div>\u00a0<\/div>\n<div>Fuente: puma.defensoria.gob.pe<\/div>\n<p><a href=\"http:\/\/web.hilo.org.pe\/wp-content\/uploads\/20140710_defensoriabolivia.jpg\" target=\"_blank\" rel=\"noopener\">Ver archivo adjunto<\/a><\/p>\n","protected":false},"excerpt":{"rendered":"<p>Con el objetivo de promover y proteger los derechos de los ciudadanos de Bolivia y Per?, las Defensor?as del Pueblo de ambos pa?ses suscribieron hoy un acuerdo de cooperaci?n que permitir? atender los casos de vulneraci?n a los derechos de sus  connacionales que se encuentran en estos pa?ses.<\/p>\n","protected":false},"author":1,"featured_media":7936,"comment_status":"closed","ping_status":"closed","sticky":false,"template":"","format":"standard","meta":{"footnotes":""},"categories":[9],"tags":[],"class_list":["post-1860","post","type-post","status-publish","format-standard","has-post-thumbnail","hentry","category-noticias"],"_links":{"self":[{"href":"https:\/\/ceas.org.pe\/index.php\/wp-json\/wp\/v2\/posts\/1860","targetHints":{"allow":["GET"]}}],"collection":[{"href":"https:\/\/ceas.org.pe\/index.php\/wp-json\/wp\/v2\/posts"}],"about":[{"href":"https:\/\/ceas.org.pe\/index.php\/wp-json\/wp\/v2\/types\/post"}],"author":[{"embeddable":true,"href":"https:\/\/ceas.org.pe\/index.php\/wp-json\/wp\/v2\/users\/1"}],"replies":[{"embeddable":true,"href":"https:\/\/ceas.org.pe\/index.php\/wp-json\/wp\/v2\/comments?post=1860"}],"version-history":[{"count":1,"href":"https:\/\/ceas.org.pe\/index.php\/wp-json\/wp\/v2\/posts\/1860\/revisions"}],"predecessor-version":[{"id":7358,"href":"https:\/\/ceas.org.pe\/index.php\/wp-json\/wp\/v2\/posts\/1860\/revisions\/7358"}],"wp:featuredmedia":[{"embeddable":true,"href":"https:\/\/ceas.org.pe\/index.php\/wp-json\/wp\/v2\/media\/7936"}],"wp:attachment":[{"href":"https:\/\/ceas.org.pe\/index.php\/wp-json\/wp\/v2\/media?parent=1860"}],"wp:term":[{"taxonomy":"category","embeddable":true,"href":"https:\/\/ceas.org.pe\/index.php\/wp-json\/wp\/v2\/categories?post=1860"},{"taxonomy":"post_tag","embeddable":true,"href":"https:\/\/ceas.org.pe\/index.php\/wp-json\/wp\/v2\/tags?post=1860"}],"curies":[{"name":"wp","href":"https:\/\/api.w.org\/{rel}","templated":true}]}}