{"id":1859,"date":"2014-07-09T09:33:28","date_gmt":"2014-07-09T09:33:28","guid":{"rendered":""},"modified":"2026-03-11T09:12:22","modified_gmt":"2026-03-11T14:12:22","slug":"coritas-espaoa-apoya-programas-en-irak-para-refugiados","status":"publish","type":"post","link":"https:\/\/ceas.org.pe\/index.php\/2014\/07\/09\/coritas-espaoa-apoya-programas-en-irak-para-refugiados\/","title":{"rendered":"C\u00f3ritas Espa\u00f3a apoya programas en Irak para refugiados"},"content":{"rendered":"<p>\u00a0Desde el comienzo de la crisis C\u00e1ritas Espa\u00f1a ha aportado 80.000 euros a los programas de ayuda de emergencia a las v\u00edctimas del conflicto, y contin\u00faa apoyando a C\u00e1ritas Irak para proporcionar ayuda de emergencia a los miles de desplazados que han abandonado<\/p>\n<div>\u00a0<\/div>\n<div>sus casas huyendo de la violencia que ha desatado el grupo yihadista Estado Isl\u00e1mico (anteriormente llamado Estado Isl\u00e1mico de Irak y Levante &#8211; EIIL).<\/div>\n<div>\u00a0<\/div>\n<div>Seg\u00fan informan los miembros de un equipo de C\u00e1ritas Irak que visit\u00f3 la regi\u00f3n, los acontecimientos en el norte del pa\u00eds han empeorado dram\u00e1ticamente en los \u00faltimos d\u00edas. La capital Mosul sigue bajo control del EIIL y en Tikrit, una ciudad a unos 140 km al noroeste de Bagdad, persisten los combates entre este grupo y las fuerzas gubernamentales. Adem\u00e1s los enfrentamientos armados se repiten en otras muchas zonas del pa\u00eds donde las fuerzas del Gobierno y las facciones insurgentes sun\u00edes combaten desde febrero.<\/div>\n<div>\u00a0<\/div>\n<div>Desde principio de a\u00f1o C\u00e1ritas Irak, con el apoyo de C\u00e1ritas Espa\u00f1ola y otros miembros de la red C\u00e1ritas Internationalis, lanzaron un plan de emergencia para suministrar alimentos, agua potable y mantas a la poblaci\u00f3n civil.<\/div>\n<div>\u00a0<\/div>\n<div>Tras la toma de Mosul por el grupo Estado Isl\u00e1mico, la mitad de sus habitantes huy\u00f3 de la ciudad, entre ellos la comunidad de 3.000 cristianos que, en su mayor\u00eda, se refugiaron en el \u00e1rea de Qaraqosh, que cuenta con una importante minor\u00eda cristiana de 40.000 personas. Muchas de estas son familias desplazadas que llegaron a esta regi\u00f3n en 2006, huyendo de la violencia sectaria que se desencaden\u00f3 en Bagdad y otras zonas de Irak.<\/div>\n<div>\u00a0<\/div>\n<div>Pocos d\u00edas despu\u00e9s de ocupar Mosul, el EIIL se hizo tambi\u00e9n con el control de N\u00ednive, desde donde el pasado 25 de junio empez\u00f3 a bombardear Qaraqosh y a combatir con las milicias kurdas que protegen a su poblaci\u00f3n. Estos enfrentamientos han provocado centenares de muertos y nuevos desplazamientos de poblaci\u00f3n hacia Erbil, la capital del Kurdist\u00e1n iraqu\u00ed.<\/div>\n<div>\u00a0<\/div>\n<div>C\u00e1ritas Irak estima que unas 15.000 familias han abandonado sus hogares en Qaraqosh. Algunas de ellas han encontrado refugio en casas de familiares, iglesias y campamentos, donde se encuentran viviendo en condiciones muy precarias, mientras otras est\u00e1n atrapadas en los puntos de control militar de entrada al Kurdist\u00e1n. Adem\u00e1s, muchas carreteras del norte de Irak est\u00e1n cortadas, lo que dificulta el acceso de los desplazados a Erbil y a otras zonas de esta regi\u00f3n aut\u00f3noma, que son las \u00fanicas \u00e1reas seguras. Se calcula que la Regi\u00f3n Aut\u00f3noma del Kurdist\u00e1n acoge actualmente a cerca de medio mill\u00f3n de refugiados.<\/div>\n<div>\u00a0<\/div>\n<div>Ante esta situaci\u00f3n, C\u00e1ritas Irak ha alertado sobre el riesgo de una grave crisis humanitaria, por lo que est\u00e1n dedicando todas sus energ\u00edas y recursos a prestar ayuda de emergencia a las familias m\u00e1s vulnerables.<\/div>\n<div>\u00a0<\/div>\n<div>Hace varias semanas que C\u00e1ritas comenz\u00f3 la distribuci\u00f3n de alimentos y otros art\u00edculos de ayuda humanitaria a 2.000 familias en el \u00e1rea de N\u00ednive y en la provincia kurda de Duhok. Para llevar a cabo este programa de respuesta a la emergencia, cuentan con la colaboraci\u00f3n de la red C\u00e1ritas. C\u00e1ritas espa\u00f1ola ha aportado desde el comienzo de la crisis, en febrero pasado, 80.000 euros para apoyar los programas de ayuda de emergencia a las personas desplazadas.<\/div>\n<div>\u00a0<\/div>\n<div>Fuente: migranteshoy.org<\/div>\n<p><a href=\"http:\/\/web.hilo.org.pe\/wp-content\/uploads\/REFUGIADOS.jpg\" target=\"_blank\" rel=\"noopener\">Ver archivo adjunto<\/a><\/p>\n","protected":false},"excerpt":{"rendered":"<p>Desde el comienzo de la crisis C?ritas Espa?a ha aportado 80.000 euros a los programas de ayuda de emergencia a las v?ctimas del conflicto, y contin?a apoyando a C?ritas Irak para proporcionar ayuda de emergencia a los miles de desplazados que han abandonado<\/p>\n","protected":false},"author":1,"featured_media":7959,"comment_status":"closed","ping_status":"closed","sticky":false,"template":"","format":"standard","meta":{"footnotes":""},"categories":[9],"tags":[],"class_list":["post-1859","post","type-post","status-publish","format-standard","has-post-thumbnail","hentry","category-noticias"],"_links":{"self":[{"href":"https:\/\/ceas.org.pe\/index.php\/wp-json\/wp\/v2\/posts\/1859","targetHints":{"allow":["GET"]}}],"collection":[{"href":"https:\/\/ceas.org.pe\/index.php\/wp-json\/wp\/v2\/posts"}],"about":[{"href":"https:\/\/ceas.org.pe\/index.php\/wp-json\/wp\/v2\/types\/post"}],"author":[{"embeddable":true,"href":"https:\/\/ceas.org.pe\/index.php\/wp-json\/wp\/v2\/users\/1"}],"replies":[{"embeddable":true,"href":"https:\/\/ceas.org.pe\/index.php\/wp-json\/wp\/v2\/comments?post=1859"}],"version-history":[{"count":1,"href":"https:\/\/ceas.org.pe\/index.php\/wp-json\/wp\/v2\/posts\/1859\/revisions"}],"predecessor-version":[{"id":7359,"href":"https:\/\/ceas.org.pe\/index.php\/wp-json\/wp\/v2\/posts\/1859\/revisions\/7359"}],"wp:featuredmedia":[{"embeddable":true,"href":"https:\/\/ceas.org.pe\/index.php\/wp-json\/wp\/v2\/media\/7959"}],"wp:attachment":[{"href":"https:\/\/ceas.org.pe\/index.php\/wp-json\/wp\/v2\/media?parent=1859"}],"wp:term":[{"taxonomy":"category","embeddable":true,"href":"https:\/\/ceas.org.pe\/index.php\/wp-json\/wp\/v2\/categories?post=1859"},{"taxonomy":"post_tag","embeddable":true,"href":"https:\/\/ceas.org.pe\/index.php\/wp-json\/wp\/v2\/tags?post=1859"}],"curies":[{"name":"wp","href":"https:\/\/api.w.org\/{rel}","templated":true}]}}