{"id":1857,"date":"2014-07-08T09:26:11","date_gmt":"2014-07-08T09:26:11","guid":{"rendered":""},"modified":"2026-03-11T09:12:22","modified_gmt":"2026-03-11T14:12:22","slug":"12-de-junio-doa-mundial-contra-el-trabajo-infantil","status":"publish","type":"post","link":"https:\/\/ceas.org.pe\/index.php\/2014\/07\/08\/12-de-junio-doa-mundial-contra-el-trabajo-infantil\/","title":{"rendered":"12 de junio: D\u00f3a Mundial contra el Trabajo Infantil"},"content":{"rendered":"<div>El Programa Internacional para la Erradicaci\u00f3n del Trabajo Infantil (IPEC) de la OIT fue creado en 1992 y su objetivo general era la erradicaci\u00f3n progresiva del trabajo infantil, cometido que habr\u00eda de alcanzarse fortaleciendo la capacidad de los pa\u00edses para ocuparse del problema y promoviendo un movimiento mundial de lucha contra este mal. Este a\u00f1o, el D\u00eda mundial contra el trabajo infantil centra la atenci\u00f3n p\u00fablica en el papel de la protecci\u00f3n social para mantener a los ni\u00f1os alejados del trabajo infantil o retirarlos del mismo.<\/div>\n<div>\u00a0<\/div>\n<div>\n<div>El video Pasos hacia 2016: para la eliminaci\u00f3n del trabajo infantil, publicado por la Organizaci\u00f3n Internacional del Trabajo (OIT) realiza una denuncia de las situaciones de ni\u00f1as y ni\u00f1os que trabajan en diferentes culturas y sociedades, se presenta la diversidad del problema y plantea la necesidad de aumentar esfuerzos para lograr el objetivo de erradicar las peores formas del trabajo infantil para 2016.<\/div>\n<div>\u00a0<\/div>\n<div><strong>DOCUMENTOS DE INTERES<\/strong><\/div>\n<div>\u00a0<\/div>\n<div>Resultados de la III Conferencia global sobre el trabajo infantil.<\/div>\n<div><strong>Brasilia-2013<\/strong><\/div>\n<div>\u00a0<\/div>\n<div><a href=\"http:\/\/www.redcontraeltrabajoinfantil.com\/page\/debates-2014\" target=\"_blank\">Red Latinoamericana contra el Trabajo Infantil<\/a><\/div>\n<div><a href=\"http:\/\/www.redcontraeltrabajoinfantil.com\/page\/debates-2014\" target=\"_blank\">Ciclo de Vida y trabajo infantil: Primera Infancia\u00a0<\/a><\/div>\n<div>\u00a0<\/div>\n<div><strong>LO QUE OCURRE EN ALGUNOS PA\u00cdSES<\/strong><\/div>\n<div><a href=\"https:\/\/www.youtube.com\/watch?v=gcW9PfHQpVE\" target=\"_blank\">El trabajo infantil en Uruguay<\/a><\/div>\n<div>\u00a0<\/div>\n<div><a href=\"https:\/\/www.youtube.com\/watch?v=qOBCNS8M4ys\" target=\"_blank\">El trabajo infantil en Argentina<\/a><\/div>\n<div>\u00a0<\/div>\n<div><a href=\"https:\/\/www.youtube.com\/watch?v=hXQ5RHh1jmo\" target=\"_blank\">El trabajo infantil en Colombia<\/a><\/div>\n<div>\u00a0<\/div>\n<div><a href=\"https:\/\/www.youtube.com\/watch?v=EhQr3TpumFM\" target=\"_blank\">El trabajo infantil en Bolivia<\/a><\/div>\n<div>\u00a0<\/div>\n<div><a href=\"https:\/\/www.youtube.com\/watch?v=Kob_DMhLKMc\" target=\"_blank\">El trabajo infantil en Honduras<\/a><\/div>\n<div>\u00a0<\/div>\n<div><a href=\"https:\/\/www.youtube.com\/watch?v=wKdLbRxu0vg\" target=\"_blank\">El trabajo infantil en el Salvador<\/a><\/div>\n<div>\u00a0<\/div>\n<div><strong>SENSIBILIZANDO SOBRE EL TRABAJO INFANTIL<\/strong><\/div>\n<div><a href=\"https:\/\/www.youtube.com\/watch?v=eiUlFXVm-Yk\" target=\"_blank\">Sensibilizaci\u00f3n trabajo infantil para estudiantes<\/a><\/div>\n<div>\u00a0<\/div>\n<div><a href=\"https:\/\/www.youtube.com\/watch?v=YqL2qJOukoc\" target=\"_blank\">Erradicaci\u00f3n del trabajo infantil<\/a><\/div>\n<div>\u00a0<\/div>\n<div><a href=\"https:\/\/www.youtube.com\/watch?v=7Mc7_EWfATI\" target=\"_blank\">Trabajo infantil, la historia de Saray<\/a><\/div>\n<div>\u00a0<\/div>\n<div>Fuente: centralidaddelaninez.org<\/div>\n<\/div>\n<div>\u00a0<\/div>\n<p><a href=\"http:\/\/web.hilo.org.pe\/wp-content\/uploads\/trabajoinfantil.jpg\" target=\"_blank\" rel=\"noopener\">Ver archivo adjunto<\/a><\/p>\n","protected":false},"excerpt":{"rendered":"<p>El Programa Internacional para la Erradicaci?n del Trabajo Infantil (IPEC) de la OIT fue creado en 1992 y su objetivo general era la erradicaci?n progresiva del trabajo infantil, cometido que habr?a de alcanzarse fortaleciendo la capacidad de los pa?ses para ocuparse del problema y promoviendo un movimiento mundial de lucha contra este mal. Este a?o, el D?a mundial contra el trabajo infantil centra la atenci?n p?blica en el papel de la protecci?n social para mantener a los ni?os alejados del trabajo infantil o retirarlos del mismo.<\/p>\n","protected":false},"author":1,"featured_media":7891,"comment_status":"closed","ping_status":"closed","sticky":false,"template":"","format":"standard","meta":{"footnotes":""},"categories":[9],"tags":[],"class_list":["post-1857","post","type-post","status-publish","format-standard","has-post-thumbnail","hentry","category-noticias"],"_links":{"self":[{"href":"https:\/\/ceas.org.pe\/index.php\/wp-json\/wp\/v2\/posts\/1857","targetHints":{"allow":["GET"]}}],"collection":[{"href":"https:\/\/ceas.org.pe\/index.php\/wp-json\/wp\/v2\/posts"}],"about":[{"href":"https:\/\/ceas.org.pe\/index.php\/wp-json\/wp\/v2\/types\/post"}],"author":[{"embeddable":true,"href":"https:\/\/ceas.org.pe\/index.php\/wp-json\/wp\/v2\/users\/1"}],"replies":[{"embeddable":true,"href":"https:\/\/ceas.org.pe\/index.php\/wp-json\/wp\/v2\/comments?post=1857"}],"version-history":[{"count":1,"href":"https:\/\/ceas.org.pe\/index.php\/wp-json\/wp\/v2\/posts\/1857\/revisions"}],"predecessor-version":[{"id":7361,"href":"https:\/\/ceas.org.pe\/index.php\/wp-json\/wp\/v2\/posts\/1857\/revisions\/7361"}],"wp:featuredmedia":[{"embeddable":true,"href":"https:\/\/ceas.org.pe\/index.php\/wp-json\/wp\/v2\/media\/7891"}],"wp:attachment":[{"href":"https:\/\/ceas.org.pe\/index.php\/wp-json\/wp\/v2\/media?parent=1857"}],"wp:term":[{"taxonomy":"category","embeddable":true,"href":"https:\/\/ceas.org.pe\/index.php\/wp-json\/wp\/v2\/categories?post=1857"},{"taxonomy":"post_tag","embeddable":true,"href":"https:\/\/ceas.org.pe\/index.php\/wp-json\/wp\/v2\/tags?post=1857"}],"curies":[{"name":"wp","href":"https:\/\/api.w.org\/{rel}","templated":true}]}}