{"id":1850,"date":"2014-07-03T09:02:00","date_gmt":"2014-07-03T09:02:00","guid":{"rendered":""},"modified":"2026-03-11T09:12:22","modified_gmt":"2026-03-11T14:12:22","slug":"las-cinco-conferencias-generales-del-episcopado-latinoamericano-en-formato-de-libro","status":"publish","type":"post","link":"https:\/\/ceas.org.pe\/index.php\/2014\/07\/03\/las-cinco-conferencias-generales-del-episcopado-latinoamericano-en-formato-de-libro\/","title":{"rendered":"Las Cinco Conferencias Generales del Episcopado Latinoamericano en formato de libro"},"content":{"rendered":"<p>\u00a0Reunir los m\u00e1s importantes textos del Magisterio de la Iglesia en Am\u00e9rica Latina y el Caribe es tal vez la mayor riqueza de las 956 p\u00e1ginas a las que los lectores podr\u00e1n acceder en versi\u00f3n de lujo o en versi\u00f3n r\u00fastica, a trav\u00e9s del Centro de Publicaciones del CELAM.<\/p>\n<div>\u00a0<\/div>\n<div>\u00a0Cinco d\u00e9cadas despu\u00e9s del Concilio Vaticano II, que marc\u00f3 el caminar de la Iglesia en el mundo de hoy e impuls\u00f3 diversos procesos de renovaci\u00f3n en Am\u00e9rica Latina y el Caribe, el CELAM publica \u201cLas Cinco Conferencias Generales del Episcopado Latinoamericano\u201d.<\/div>\n<div>\u00a0<\/div>\n<div>Esta obra, que recoge la trayectoria de la Iglesia en el Continente y el modo como progresivamente han sido acogidas las Constituciones, los Decretos y las Declaraciones del Concilio, a la par con las realidades que han marcado la vida de los pueblos, presenta los Documentos Conclusivos de las Conferencias Generales del Episcopado Latinoamericano que se han celebrado en Rio de Janeiro, Brasil (1955), Medell\u00edn, Colombia (1968), Puebla, M\u00e9xico (1979), Santo Domingo, Rep\u00fablica Dominicana (1992), y Aparecida, Brasil (2007).<\/div>\n<div>\u00a0<\/div>\n<div>La densidad de los textos y la inclusi\u00f3n de un \u00edndice anal\u00edtico, hacen de este volumen un instrumento de gran utilidad \u201cno s\u00f3lo para estudiosos e investigadores, sino especialmente para agentes pastorales que, a petici\u00f3n del papa Francisco, buscan estar vitalmente comprometidos en el seguimiento del Se\u00f1or y en una Nueva Evangelizaci\u00f3n que llegue hasta los m\u00e1s alejados y a todas las periferias, las de la pobreza y las existenciales\u201d.<\/div>\n<div>\u00a0<\/div>\n<div>Reunir los m\u00e1s importantes textos del Magisterio de la Iglesia en Am\u00e9rica Latina y el Caribe es tal vez la mayor riqueza de las 956 p\u00e1ginas a las que los lectores podr\u00e1n acceder en versi\u00f3n de lujo o en versi\u00f3n r\u00fastica, a trav\u00e9s del Centro de Publicaciones del CELAM.<\/div>\n<div>\u00a0<\/div>\n<div>CENTRO DE PUBLICACIONES DEL CELAM<\/div>\n<div>Avenida Boyac\u00e1 # 169 D 75. San Jos\u00e9 de Bavaria<\/div>\n<div>Bogot\u00e1 D.C., Colombia<\/div>\n<div>Tel\u00e9fonos:(57 1) 5879710 \u00a0ext. 1562 \/ 1307<\/div>\n<div>Fax : ( 57 1)5879712<\/div>\n<div>luisq@celam.org \u00a0 \/ publicacionescelam@yahoo.es<\/div>\n<div>\u00a0<\/div>\n<div>\u00a0<\/div>\n<div>FUENTE: CELAM<\/div>\n<p><a href=\"http:\/\/web.hilo.org.pe\/wp-content\/uploads\/conferencias.jpg\" target=\"_blank\" rel=\"noopener\">Ver archivo adjunto<\/a><\/p>\n","protected":false},"excerpt":{"rendered":"<p>Reunir los m?s importantes textos del Magisterio de la Iglesia en Am?rica Latina y el Caribe es tal vez la mayor riqueza de las 956 p?ginas a las que los lectores podr?n acceder en versi?n de lujo o en versi?n r?stica, a trav?s del Centro de Publicaciones del CELAM.<\/p>\n","protected":false},"author":1,"featured_media":5502,"comment_status":"closed","ping_status":"closed","sticky":false,"template":"","format":"standard","meta":{"footnotes":""},"categories":[9],"tags":[],"class_list":["post-1850","post","type-post","status-publish","format-standard","has-post-thumbnail","hentry","category-noticias"],"_links":{"self":[{"href":"https:\/\/ceas.org.pe\/index.php\/wp-json\/wp\/v2\/posts\/1850","targetHints":{"allow":["GET"]}}],"collection":[{"href":"https:\/\/ceas.org.pe\/index.php\/wp-json\/wp\/v2\/posts"}],"about":[{"href":"https:\/\/ceas.org.pe\/index.php\/wp-json\/wp\/v2\/types\/post"}],"author":[{"embeddable":true,"href":"https:\/\/ceas.org.pe\/index.php\/wp-json\/wp\/v2\/users\/1"}],"replies":[{"embeddable":true,"href":"https:\/\/ceas.org.pe\/index.php\/wp-json\/wp\/v2\/comments?post=1850"}],"version-history":[{"count":1,"href":"https:\/\/ceas.org.pe\/index.php\/wp-json\/wp\/v2\/posts\/1850\/revisions"}],"predecessor-version":[{"id":7368,"href":"https:\/\/ceas.org.pe\/index.php\/wp-json\/wp\/v2\/posts\/1850\/revisions\/7368"}],"wp:featuredmedia":[{"embeddable":true,"href":"https:\/\/ceas.org.pe\/index.php\/wp-json\/wp\/v2\/media\/5502"}],"wp:attachment":[{"href":"https:\/\/ceas.org.pe\/index.php\/wp-json\/wp\/v2\/media?parent=1850"}],"wp:term":[{"taxonomy":"category","embeddable":true,"href":"https:\/\/ceas.org.pe\/index.php\/wp-json\/wp\/v2\/categories?post=1850"},{"taxonomy":"post_tag","embeddable":true,"href":"https:\/\/ceas.org.pe\/index.php\/wp-json\/wp\/v2\/tags?post=1850"}],"curies":[{"name":"wp","href":"https:\/\/api.w.org\/{rel}","templated":true}]}}