{"id":1849,"date":"2014-07-02T11:45:38","date_gmt":"2014-07-02T11:45:38","guid":{"rendered":""},"modified":"2026-03-11T09:12:22","modified_gmt":"2026-03-11T14:12:22","slug":"foro-poblico-oinclusion-social-a-travos-de-la-promocion-humana-desafoos-para-todoso","status":"publish","type":"post","link":"https:\/\/ceas.org.pe\/index.php\/2014\/07\/02\/foro-poblico-oinclusion-social-a-travos-de-la-promocion-humana-desafoos-para-todoso\/","title":{"rendered":"Foro P\u00f3blico \u00f3Inclusi\u00f3n social a trav\u00f3s de la promoci\u00f3n humana: desaf\u00f3os para todos\u00f3"},"content":{"rendered":"<p>\u00a0<b style=\"text-align: center; text-indent: -1cm;\">Foro P\u00fablico<\/b><\/p>\n<p class=\"MsoNormal\" align=\"center\" style=\"margin-top:0cm;margin-right:1.0cm;\nmargin-bottom:0cm;margin-left:2.0cm;margin-bottom:.0001pt;text-align:center;\ntext-indent:-1.0cm\">\u201cInclusi\u00f3n social a trav\u00e9s de la promoci\u00f3n humana: desaf\u00edos para todos\u201d<o:p><\/o:p><\/p>\n<p class=\"MsoNormal\" align=\"center\" style=\"margin-top:0cm;margin-right:1.0cm;\nmargin-bottom:0cm;margin-left:2.0cm;margin-bottom:.0001pt;text-align:center;\ntext-indent:-1.0cm\"><br \/>\nSe llevar\u00e1 a cabo en la ciudad de Huancayo el pr\u00f3ximo jueves 10 de julio en Auditorio Daniel Figueroa, ubicado en Jr. Ancash N\u00ba 310 Huancayo.<o:p><\/o:p><\/p>\n<p class=\"MsoNormal\" align=\"center\" style=\"margin-top:0cm;margin-right:1.0cm;\nmargin-bottom:0cm;margin-left:2.0cm;margin-bottom:.0001pt;text-align:center;\ntext-indent:-1.0cm\"><o:p>\u00a0<\/o:p><\/p>\n<p class=\"MsoNormal\" align=\"center\" style=\"margin-top:0cm;margin-right:1.0cm;\nmargin-bottom:0cm;margin-left:2.0cm;margin-bottom:.0001pt;text-align:center;\ntext-indent:-1.0cm\">Tendremos como ponentes a:<o:p><\/o:p><\/p>\n<p class=\"MsoNormal\" align=\"center\" style=\"margin-right:1.0cm;text-align:center;\ntab-stops:70.9pt\"><i>Monse\u00f1or Pedro Barreto Jimeno,SJ; <br \/>\nArzobispo de Huancayo<o:p><\/o:p><\/i><\/p>\n<p class=\"MsoNormal\" align=\"center\" style=\"margin-right:1.0cm;text-align:center\"><i>Michele Antignani D\u00f3rsi, <br \/>\n<\/i>Presidente de la C\u00e1mara de Comercio de Huancayo<o:p><\/o:p><\/p>\n<p class=\"MsoNormal\" align=\"center\" style=\"margin-right:1.0cm;text-align:center\"><i>\u00a0Am\u00e9rico Mercado M\u00e9ndez, <br \/>\n<\/i>Presidente del Gobierno\u00a0<i>Regional<\/i>\u00a0Jun\u00edn<o:p><\/o:p><\/p>\n<p class=\"MsoNormal\" align=\"center\" style=\"margin-right:1.0cm;text-align:center\"><i>\u00a0Miguel Zamudio Santiva\u00f1ez, <br \/>\n<\/i>Coordinador Ejecutivo de la MEDIAREJ<o:p><\/o:p><\/p>\n<p class=\"MsoNormal\" style=\"margin-top:0cm;margin-right:1.0cm;margin-bottom:0cm;\nmargin-left:2.0cm;margin-bottom:.0001pt;text-indent:-1.0cm;tab-stops:70.9pt\"><i>\u00a0<\/i><\/p>\n<p class=\"MsoNormal\" align=\"center\" style=\"margin-top:0cm;margin-right:1.0cm;\nmargin-bottom:0cm;margin-left:2.0cm;margin-bottom:.0001pt;text-align:center;\ntext-indent:-1.0cm\">\u00a1Ingreso Libre!<o:p><\/o:p><\/p>\n<p><a href=\"http:\/\/web.hilo.org.pe\/wp-content\/uploads\/Afiche CENTRO web.jpg\" target=\"_blank\" rel=\"noopener\">Ver archivo adjunto<\/a><\/p>\n","protected":false},"excerpt":{"rendered":"<p>Foro P?blico ?Inclusi?n social a trav?s de la promoci?n humana: desaf?os para todos?<\/p>\n<p>Se llevar? a cabo en la ciudad de Huancayo el pr?ximo jueves 10 de julio en Auditorio Daniel Figueroa, ubicado en Jr. Ancash N? 310 Huancayo.<\/p>\n<p>?Ingreso Libre!<\/p>\n","protected":false},"author":1,"featured_media":7955,"comment_status":"closed","ping_status":"closed","sticky":false,"template":"","format":"standard","meta":{"footnotes":""},"categories":[9],"tags":[],"class_list":["post-1849","post","type-post","status-publish","format-standard","has-post-thumbnail","hentry","category-noticias"],"_links":{"self":[{"href":"https:\/\/ceas.org.pe\/index.php\/wp-json\/wp\/v2\/posts\/1849","targetHints":{"allow":["GET"]}}],"collection":[{"href":"https:\/\/ceas.org.pe\/index.php\/wp-json\/wp\/v2\/posts"}],"about":[{"href":"https:\/\/ceas.org.pe\/index.php\/wp-json\/wp\/v2\/types\/post"}],"author":[{"embeddable":true,"href":"https:\/\/ceas.org.pe\/index.php\/wp-json\/wp\/v2\/users\/1"}],"replies":[{"embeddable":true,"href":"https:\/\/ceas.org.pe\/index.php\/wp-json\/wp\/v2\/comments?post=1849"}],"version-history":[{"count":1,"href":"https:\/\/ceas.org.pe\/index.php\/wp-json\/wp\/v2\/posts\/1849\/revisions"}],"predecessor-version":[{"id":7369,"href":"https:\/\/ceas.org.pe\/index.php\/wp-json\/wp\/v2\/posts\/1849\/revisions\/7369"}],"wp:featuredmedia":[{"embeddable":true,"href":"https:\/\/ceas.org.pe\/index.php\/wp-json\/wp\/v2\/media\/7955"}],"wp:attachment":[{"href":"https:\/\/ceas.org.pe\/index.php\/wp-json\/wp\/v2\/media?parent=1849"}],"wp:term":[{"taxonomy":"category","embeddable":true,"href":"https:\/\/ceas.org.pe\/index.php\/wp-json\/wp\/v2\/categories?post=1849"},{"taxonomy":"post_tag","embeddable":true,"href":"https:\/\/ceas.org.pe\/index.php\/wp-json\/wp\/v2\/tags?post=1849"}],"curies":[{"name":"wp","href":"https:\/\/api.w.org\/{rel}","templated":true}]}}